{"id":7818,"date":"2020-11-30T18:23:02","date_gmt":"2020-11-30T21:23:02","guid":{"rendered":"http:\/\/www.centraldenoticias.com.ar\/?p=7818"},"modified":"2020-11-30T18:23:02","modified_gmt":"2020-11-30T21:23:02","slug":"acuerdo-con-mckinsey-sin-articulacion-con-los-recicladores","status":"publish","type":"post","link":"https:\/\/cdnoticias.com\/index.php\/2020\/11\/30\/acuerdo-con-mckinsey-sin-articulacion-con-los-recicladores\/","title":{"rendered":"Acuerdo con McKinsey: sin \u201carticulaci\u00f3n&#8221; con los recicladores"},"content":{"rendered":"<p>El bloque Renovaci\u00f3n Peronista dio a conocer la respuesta que recibi\u00f3 del Ejecutivo acerca del contrato firmado con McKinsey en el marco del desarrollo del reciclaje de residuos urbanos.<!--more--><\/p>\n<hr \/>\n<p><strong>El bloque Renovaci\u00f3n Peronista dio a conocer la respuesta que recibi\u00f3 del Ejecutivo acerca del contrato firmado con Fundaci\u00f3n McKinsey <\/strong>en el marco del desarrollo del <a href=\"https:\/\/cdnoticias.com\/index.php\/2020\/09\/25\/olavarria-da-un-giro-para-reciclar-y-separar-residuos\/\" target=\"_blank\" rel=\"noopener\">reciclaje de residuos urbanos<\/a> que impulsa el Municipio.<\/p>\n<p>La bancada que encabeza el concejal Germ\u00e1n Aramburu <strong>se mostr\u00f3 cr\u00edtica<\/strong> respecto del contenido de la documentaci\u00f3n firmada.<\/p>\n<p><strong>\u201cLuego de dos meses, el Ejecutivo respondi\u00f3 a un pedido de informes solicitado por Renovaci\u00f3n Peronista\u201d<\/strong> se inform\u00f3 desde la bancada del Concejo Deliberante.<\/p>\n<blockquote><p>All\u00ed se expuso que \u201cel concejal Germ\u00e1n Aramburu dio cuenta de que el contrato firmado en el mes de agosto no estipula un trabajo con organizaciones sociales que trabajan en el reciclaje, como la Cooperativa `Viento en contra\u00b4\u201d.<\/p><\/blockquote>\n<p>En ese sentido, se apunt\u00f3 a que \u201cel contrato anunciado como un avance en materia ambiental por el Ejecutivo incluye s\u00f3lo como responsables a personal de la Fundaci\u00f3n Mckinsey y personal municipal a cargo de la Direcci\u00f3n de Desarrollo Sustentable, de la Secretar\u00eda de Desarrollo Econ\u00f3mico, Mantenimiento y Obras P\u00fablicas, Desarrollo Humano y Calidad de Vida, as\u00ed como tambi\u00e9n la Subsecretar\u00eda de Modernizaci\u00f3n sin aporte ni claridad alguna respecto a la incorporaci\u00f3n de otros sectores\u201d.<\/p>\n<p>\u201cEl contrato refleja objetivos coincidentes con las expresiones del Intendente Municipal Ezequiel Galli, un esp\u00edritu de `trabajar junto a las cooperativas de reciclaje local y l\u00edderes de la comunidad para maximizar la recuperaci\u00f3n de material para su uso productivo\u00b4, tal como expres\u00f3 el concejal Aramburu en sesi\u00f3n legislativa, <strong>es s\u00f3lo una gran promesa hasta ahora no cumplida<\/strong>\u201d se agreg\u00f3 en un comunicado. <strong>\u201cLa articulaci\u00f3n con los trabajadores del reciclaje est\u00e1 ausente en el contrato\u201d concluy\u00f3 el bloque<\/strong>.<\/p>\n<p>Finalmente, se consider\u00f3 que \u201cla respuesta del Ejecutivo sigue dando cuenta de que <strong>las organizaciones sociales no forman parte de ninguna de las fases que comprenden el proyecto `Piloto\u00b4<\/strong> del programa y no contribuye al fortalecimiento del sector y del ambiente\u201d.<\/p>\n","protected":false},"excerpt":{"rendered":"<p>El bloque Renovaci\u00f3n Peronista dio a conocer la respuesta que recibi\u00f3 del Ejecutivo acerca del contrato firmado con McKinsey en<\/p>\n","protected":false},"author":4,"featured_media":7819,"comment_status":"closed","ping_status":"closed","sticky":false,"template":"","format":"standard","meta":{"_jetpack_memberships_contains_paid_content":false,"footnotes":""},"categories":[4,1],"tags":[],"class_list":["post-7818","post","type-post","status-publish","format-standard","has-post-thumbnail","hentry","category-politica","category-portada"],"jetpack_featured_media_url":"https:\/\/i0.wp.com\/cdnoticias.com\/wp-content\/uploads\/2020\/11\/HCD-Germ%C3%A1n-Aramburu.jpeg?fit=1280%2C710&ssl=1","jetpack_sharing_enabled":true,"_links":{"self":[{"href":"https:\/\/cdnoticias.com\/index.php\/wp-json\/wp\/v2\/posts\/7818","targetHints":{"allow":["GET"]}}],"collection":[{"href":"https:\/\/cdnoticias.com\/index.php\/wp-json\/wp\/v2\/posts"}],"about":[{"href":"https:\/\/cdnoticias.com\/index.php\/wp-json\/wp\/v2\/types\/post"}],"author":[{"embeddable":true,"href":"https:\/\/cdnoticias.com\/index.php\/wp-json\/wp\/v2\/users\/4"}],"replies":[{"embeddable":true,"href":"https:\/\/cdnoticias.com\/index.php\/wp-json\/wp\/v2\/comments?post=7818"}],"version-history":[{"count":0,"href":"https:\/\/cdnoticias.com\/index.php\/wp-json\/wp\/v2\/posts\/7818\/revisions"}],"wp:featuredmedia":[{"embeddable":true,"href":"https:\/\/cdnoticias.com\/index.php\/wp-json\/wp\/v2\/media\/7819"}],"wp:attachment":[{"href":"https:\/\/cdnoticias.com\/index.php\/wp-json\/wp\/v2\/media?parent=7818"}],"wp:term":[{"taxonomy":"category","embeddable":true,"href":"https:\/\/cdnoticias.com\/index.php\/wp-json\/wp\/v2\/categories?post=7818"},{"taxonomy":"post_tag","embeddable":true,"href":"https:\/\/cdnoticias.com\/index.php\/wp-json\/wp\/v2\/tags?post=7818"}],"curies":[{"name":"wp","href":"https:\/\/api.w.org\/{rel}","templated":true}]}}