{"id":78151,"date":"2023-03-01T13:23:35","date_gmt":"2023-03-01T16:23:35","guid":{"rendered":"https:\/\/www.centraldenoticias.com.ar\/?p=78151"},"modified":"2023-03-01T17:35:49","modified_gmt":"2023-03-01T20:35:49","slug":"galli-el-ano-2022-no-fue-un-ano-facil-en-materia-economica","status":"publish","type":"post","link":"https:\/\/cdnoticias.com\/index.php\/2023\/03\/01\/galli-el-ano-2022-no-fue-un-ano-facil-en-materia-economica\/","title":{"rendered":"Galli: \u201cEl a\u00f1o 2022 no fue un a\u00f1o f\u00e1cil en materia econ\u00f3mica\u201d"},"content":{"rendered":"<p>Lo afirm\u00f3 el Intendente en la apertura de sesiones 2023 del HCD. Detall\u00f3 las gestiones realizadas durante el a\u00f1o pasado y adelant\u00f3 acciones en distintas \u00e1reas. Educaci\u00f3n, viviendas, obras p\u00fablicas y desarrollo social entre los ejes destacados.<!--more--><\/p>\n<hr \/>\n<p>El intendente Ezequiel Galli <a href=\"https:\/\/cdnoticias.com\/index.php\/2023\/03\/01\/en-vivo-apertura-de-sesiones-del-honorable-concejo-deliberante\/\" target=\"_blank\" rel=\"noopener\">inaugur\u00f3 el per\u00edodo de sesiones ordinarias del Honorable Concejo Deliberante<\/a>. Con un discurso que se extendi\u00f3 por alrededor de una hora, el jefe comunal <strong>repas\u00f3 las distintas gestiones llevadas adelante durante el per\u00edodo anterior y los proyectos del a\u00f1o que se inicia.<\/strong><\/p>\n<p>&nbsp;<\/p>\n<p>En el inicio de sus palabras destac\u00f3 el trabajo de los equipos de cada \u00e1rea y mencion\u00f3 dos rasgos comunes: \u201cgesti\u00f3n y transparencia\u201d. Adem\u00e1s, se\u00f1al\u00f3 que en este momento se requiere <strong>\u201cvalent\u00eda y acci\u00f3n, sin caer en pirotecnia discursiva\u201d.<\/strong><\/p>\n<p>&nbsp;<\/p>\n<p><strong>\u201cEl a\u00f1o 2022 no fue un a\u00f1o f\u00e1cil si de materia econ\u00f3mica hablamos, registr\u00e1ndose casi un 100% de inflaci\u00f3n anual, el registro m\u00e1s alto desde el a\u00f1o 1991\u201d<\/strong>, lanz\u00f3 Galli y se\u00f1al\u00f3 que a ra\u00edz de esta situaci\u00f3n y \u201cproducto de una administraci\u00f3n ordenada y de un arduo trabajo\u201d <strong>se ejecut\u00f3 \u201cel 99% de los ingresos totales, con un gasto de capital cercano a los 2.000 millones de pesos\u201d.<\/strong><\/p>\n<p>&nbsp;<\/p>\n<p><img data-recalc-dims=\"1\" loading=\"lazy\" decoding=\"async\" class=\"size-full wp-image-78156 aligncenter\" src=\"https:\/\/i0.wp.com\/cdnoticias.com\/wp-content\/uploads\/2023\/03\/apertura-de-sesiones-01.jpg?resize=800%2C445&#038;ssl=1\" alt=\"\" width=\"800\" height=\"445\" srcset=\"https:\/\/i0.wp.com\/cdnoticias.com\/wp-content\/uploads\/2023\/03\/apertura-de-sesiones-01.jpg?w=800&amp;ssl=1 800w, https:\/\/i0.wp.com\/cdnoticias.com\/wp-content\/uploads\/2023\/03\/apertura-de-sesiones-01.jpg?resize=300%2C167&amp;ssl=1 300w, https:\/\/i0.wp.com\/cdnoticias.com\/wp-content\/uploads\/2023\/03\/apertura-de-sesiones-01.jpg?resize=768%2C427&amp;ssl=1 768w\" sizes=\"auto, (max-width: 800px) 100vw, 800px\" \/><\/p>\n<p><img data-recalc-dims=\"1\" loading=\"lazy\" decoding=\"async\" class=\"size-full wp-image-78157 aligncenter\" src=\"https:\/\/i0.wp.com\/cdnoticias.com\/wp-content\/uploads\/2023\/03\/apertura-de-sesiones-02.jpg?resize=800%2C445&#038;ssl=1\" alt=\"\" width=\"800\" height=\"445\" srcset=\"https:\/\/i0.wp.com\/cdnoticias.com\/wp-content\/uploads\/2023\/03\/apertura-de-sesiones-02.jpg?w=800&amp;ssl=1 800w, https:\/\/i0.wp.com\/cdnoticias.com\/wp-content\/uploads\/2023\/03\/apertura-de-sesiones-02.jpg?resize=300%2C167&amp;ssl=1 300w, https:\/\/i0.wp.com\/cdnoticias.com\/wp-content\/uploads\/2023\/03\/apertura-de-sesiones-02.jpg?resize=768%2C427&amp;ssl=1 768w\" sizes=\"auto, (max-width: 800px) 100vw, 800px\" \/><\/p>\n<p>&nbsp;<\/p>\n<p><strong>Educaci\u00f3n <\/strong><\/p>\n<p><strong>\u00a0<\/strong><\/p>\n<p>El intendente Galli se refiri\u00f3 a esta \u00e1rea como <strong>\u201cuna de nuestras prioridades\u201d<\/strong> y asegur\u00f3 que \u201cel <strong>fondo educativo<\/strong> fue invertido en escuelas y establecimientos p\u00fablicos para contribuir a la formaci\u00f3n de los chicos que tendr\u00e1n la responsabilidad de construir una Argentina mejor. Con las escuelas cerradas y en condiciones precarias no tendremos un futuro alentador\u201d.<\/p>\n<p>&nbsp;<\/p>\n<p>Afirm\u00f3 que \u201cen 2022, con una inversi\u00f3n superior a los 140 millones de pesos, finalizamos obras emblem\u00e1ticas en distintos establecimientos educativos\u201d. Adem\u00e1s, indic\u00f3 que <strong>\u201ceste a\u00f1o, invertiremos m\u00e1s de 500 millones de pesos en reformas y construcci\u00f3n de nuevos edificios\u201d.<\/strong><\/p>\n<p>&nbsp;<\/p>\n<p>Respecto a las <strong>obras que se finalizar\u00e1n en 2023<\/strong> mencion\u00f3 el <strong>nuevo edificio del Jard\u00edn 929 y del Instituto de Educaci\u00f3n F\u00edsica<\/strong> y \u201cas\u00ed evitar mudanzas cada 2 a\u00f1os y la consecuente falta de pago del alquiler del gobierno provincial dejar\u00e1 de ser un problema que afecte la calidad de la educaci\u00f3n\u201d.<\/p>\n<p>&nbsp;<\/p>\n<p>Adem\u00e1s,<strong> adelant\u00f3 importantes obras de infraestructura en las escuelas 58, 12 de Loma Negra, Media 7 y en los CEF 44 y 124. \u201cEn el futuro, construiremos nuevos edificios para la Secundaria 22 y el Jard\u00edn 922.<\/strong> Una vez concretada esta obra, en Olavarr\u00eda no habr\u00e1 m\u00e1s instituciones de educaci\u00f3n inicial sin edificio propio\u201d, expres\u00f3.<\/p>\n<p>&nbsp;<\/p>\n<p><img data-recalc-dims=\"1\" loading=\"lazy\" decoding=\"async\" class=\"size-full wp-image-78158 aligncenter\" src=\"https:\/\/i0.wp.com\/cdnoticias.com\/wp-content\/uploads\/2023\/03\/apertura-de-sesiones-03.jpg?resize=800%2C445&#038;ssl=1\" alt=\"\" width=\"800\" height=\"445\" srcset=\"https:\/\/i0.wp.com\/cdnoticias.com\/wp-content\/uploads\/2023\/03\/apertura-de-sesiones-03.jpg?w=800&amp;ssl=1 800w, https:\/\/i0.wp.com\/cdnoticias.com\/wp-content\/uploads\/2023\/03\/apertura-de-sesiones-03.jpg?resize=300%2C167&amp;ssl=1 300w, https:\/\/i0.wp.com\/cdnoticias.com\/wp-content\/uploads\/2023\/03\/apertura-de-sesiones-03.jpg?resize=768%2C427&amp;ssl=1 768w\" sizes=\"auto, (max-width: 800px) 100vw, 800px\" \/><\/p>\n<p><img data-recalc-dims=\"1\" loading=\"lazy\" decoding=\"async\" class=\"size-full wp-image-78159 aligncenter\" src=\"https:\/\/i0.wp.com\/cdnoticias.com\/wp-content\/uploads\/2023\/03\/apertura-de-sesiones-04.jpg?resize=800%2C445&#038;ssl=1\" alt=\"\" width=\"800\" height=\"445\" srcset=\"https:\/\/i0.wp.com\/cdnoticias.com\/wp-content\/uploads\/2023\/03\/apertura-de-sesiones-04.jpg?w=800&amp;ssl=1 800w, https:\/\/i0.wp.com\/cdnoticias.com\/wp-content\/uploads\/2023\/03\/apertura-de-sesiones-04.jpg?resize=300%2C167&amp;ssl=1 300w, https:\/\/i0.wp.com\/cdnoticias.com\/wp-content\/uploads\/2023\/03\/apertura-de-sesiones-04.jpg?resize=768%2C427&amp;ssl=1 768w\" sizes=\"auto, (max-width: 800px) 100vw, 800px\" \/><\/p>\n<p>&nbsp;<\/p>\n<p><strong>Demanda habitacional <\/strong><\/p>\n<p>&nbsp;<\/p>\n<p>Otro de los puntos principales del discurso fue el d\u00e9ficit habitacional en Olavarr\u00eda. \u201cDesde que asum\u00ed en 2015 trabajamos para colaborar con Provincia y Naci\u00f3n ante esta problem\u00e1tica\u201d, resalt\u00f3.<\/p>\n<p>&nbsp;<\/p>\n<p>Se\u00f1al\u00f3 que \u201cen primer lugar, <strong>nos abocamos a finalizar las viviendas<\/strong> que, a trav\u00e9s de los a\u00f1os, hab\u00edan sido abandonadas por gobiernos anteriores, eran lugares en los que lo \u00fanico que crec\u00eda era el pasto. Entregamos viviendas en los barrios Educadores, Pickelado, Bancario y UOCRA y creamos un Plan Municipal de Viviendas\u201d.<\/p>\n<p>&nbsp;<\/p>\n<p>\u201cHace unos d\u00edas tuvimos el enorme orgullo de entregar las primeras 20 viviendas del Plan TUVI, destinado a familias olavarrienses que dejaron de pagar un alquiler y hoy, con la ayuda del estado municipal, tienen su hogar\u201d, resalt\u00f3.<\/p>\n<p>&nbsp;<\/p>\n<blockquote><p>En ese aspecto reconoci\u00f3 que \u201cdurante el proceso, hemos cometido errores, los asumimos, y de manera \u00e1gil, sin burocracias, con el foco en la soluci\u00f3n, trabajamos para dar respuestas efectivas\u201d.<\/p><\/blockquote>\n<p>&nbsp;<\/p>\n<p>Asegur\u00f3 que \u201ceste a\u00f1o seguiremos con la entrega de viviendas\u201d y se invertir\u00e1n \u201cm\u00e1s de 160 millones de pesos para la construcci\u00f3n de diez nuevas viviendas del plan TUVI\u201d.<\/p>\n<p>&nbsp;<\/p>\n<p><img data-recalc-dims=\"1\" loading=\"lazy\" decoding=\"async\" class=\"size-full wp-image-78160 aligncenter\" src=\"https:\/\/i0.wp.com\/cdnoticias.com\/wp-content\/uploads\/2023\/03\/apertura-de-sesiones-05.jpg?resize=800%2C445&#038;ssl=1\" alt=\"\" width=\"800\" height=\"445\" srcset=\"https:\/\/i0.wp.com\/cdnoticias.com\/wp-content\/uploads\/2023\/03\/apertura-de-sesiones-05.jpg?w=800&amp;ssl=1 800w, https:\/\/i0.wp.com\/cdnoticias.com\/wp-content\/uploads\/2023\/03\/apertura-de-sesiones-05.jpg?resize=300%2C167&amp;ssl=1 300w, https:\/\/i0.wp.com\/cdnoticias.com\/wp-content\/uploads\/2023\/03\/apertura-de-sesiones-05.jpg?resize=768%2C427&amp;ssl=1 768w\" sizes=\"auto, (max-width: 800px) 100vw, 800px\" \/><\/p>\n<p>&nbsp;<\/p>\n<p><strong>Cloacas<\/strong><\/p>\n<p><strong>\u00a0<\/strong><\/p>\n<p>\u201cUna importante porci\u00f3n de nuestro presupuesto est\u00e1 destinado a obras de cloacas como la que se finaliz\u00f3 en el barrio Facundo Quiroga 1 y la que <strong>continuar\u00e1 este a\u00f1o en el Hip\u00f3lito Yrigoyen<\/strong>\u201d, indic\u00f3 el jefe comunal.<\/p>\n<p>&nbsp;<\/p>\n<p>Adem\u00e1s, resalt\u00f3 que \u201ctras a\u00f1os de gestiones ante el Ministerio de Obras P\u00fablicas de la Naci\u00f3n, logramos firmar el convenio para que se construya el tan ansiado <strong>colector norte<\/strong>, que permitir\u00e1 ampliar el servicio de cloacas en ese sector de la ciudad\u201d.<\/p>\n<p>&nbsp;<\/p>\n<p>A ra\u00edz de este convenio tambi\u00e9n se\u00f1al\u00f3 que se <strong>finalizar\u00e1 la red cloacal en los barrios Belgrano y Villa Floresta y se llevar\u00e1 a cabo la ampliaci\u00f3n de red de agua en el barrio Bel\u00e9n.<\/strong><\/p>\n<p>&nbsp;<\/p>\n<p>\u201cDurante el 2022 hemos ampliado la cobertura de agua potable en distintos puntos del Partido con una inversi\u00f3n superior a los<strong> 20 millones de pesos<\/strong>\u201d, expres\u00f3.<\/p>\n<p>&nbsp;<\/p>\n<p><img data-recalc-dims=\"1\" loading=\"lazy\" decoding=\"async\" class=\"size-full wp-image-78161 aligncenter\" src=\"https:\/\/i0.wp.com\/cdnoticias.com\/wp-content\/uploads\/2023\/03\/apertura-de-sesiones-06.jpg?resize=800%2C445&#038;ssl=1\" alt=\"\" width=\"800\" height=\"445\" srcset=\"https:\/\/i0.wp.com\/cdnoticias.com\/wp-content\/uploads\/2023\/03\/apertura-de-sesiones-06.jpg?w=800&amp;ssl=1 800w, https:\/\/i0.wp.com\/cdnoticias.com\/wp-content\/uploads\/2023\/03\/apertura-de-sesiones-06.jpg?resize=300%2C167&amp;ssl=1 300w, https:\/\/i0.wp.com\/cdnoticias.com\/wp-content\/uploads\/2023\/03\/apertura-de-sesiones-06.jpg?resize=768%2C427&amp;ssl=1 768w\" sizes=\"auto, (max-width: 800px) 100vw, 800px\" \/><\/p>\n<p>&nbsp;<\/p>\n<p><strong>Obras en el Hospital Municipal \u201cDr. H\u00e9ctor Cura\u201d<\/strong><\/p>\n<p>&nbsp;<\/p>\n<p>Respecto a las proyecciones de este a\u00f1o afirm\u00f3 que <strong>continuar\u00e1n con la ampliaci\u00f3n del sector de internaci\u00f3n.<\/strong> La obra contempla la realizaci\u00f3n de este nuevo nivel de m\u00e1s de 500 m2 cubiertos, lo que permite ampliar en 20 camas el servicio, distribuidas en habitaciones de tres, dos y un paciente. En el segundo piso se encontrar\u00e1 el sector internaci\u00f3n cl\u00ednica, conexi\u00f3n quir\u00fargica y 9 habitaciones generales.<\/p>\n<p>&nbsp;<\/p>\n<p>Otra de las proyecciones para este 2023 ser\u00e1 la<strong> reforma y ampliaci\u00f3n del servicio de salud mental municipal.<\/strong> \u201cLa construcci\u00f3n de nuevo sector para el \u00e1rea de psiquiatr\u00eda y psicolog\u00eda demandar\u00e1 una inversi\u00f3n de 70 millones de pesos, y permitir\u00e1 mejorar la de calidad para los vecinos en un \u00e1rea con much\u00edsimo crecimiento en la \u00faltima d\u00e9cada, intensific\u00e1ndose la demanda producto de la pandemia\u201d, explic\u00f3.<\/p>\n<p>&nbsp;<\/p>\n<p><img data-recalc-dims=\"1\" loading=\"lazy\" decoding=\"async\" class=\"size-full wp-image-78162 aligncenter\" src=\"https:\/\/i0.wp.com\/cdnoticias.com\/wp-content\/uploads\/2023\/03\/apertura-de-sesiones-07.jpg?resize=800%2C445&#038;ssl=1\" alt=\"\" width=\"800\" height=\"445\" srcset=\"https:\/\/i0.wp.com\/cdnoticias.com\/wp-content\/uploads\/2023\/03\/apertura-de-sesiones-07.jpg?w=800&amp;ssl=1 800w, https:\/\/i0.wp.com\/cdnoticias.com\/wp-content\/uploads\/2023\/03\/apertura-de-sesiones-07.jpg?resize=300%2C167&amp;ssl=1 300w, https:\/\/i0.wp.com\/cdnoticias.com\/wp-content\/uploads\/2023\/03\/apertura-de-sesiones-07.jpg?resize=768%2C427&amp;ssl=1 768w\" sizes=\"auto, (max-width: 800px) 100vw, 800px\" \/><\/p>\n<p>&nbsp;<\/p>\n<p>En cuanto a la atenci\u00f3n primaria de la salud resalt\u00f3 la ampliaci\u00f3n y remodelaci\u00f3n del <strong>CAPS 7<\/strong>.\u00a0 Adem\u00e1s, afirm\u00f3 que \u201cse dar\u00e1 continuidad al programa de actualizaci\u00f3n y renovaci\u00f3n tecnol\u00f3gica; al equipamiento de emergencia, cuidados cr\u00edticos, gastroenterolog\u00eda y a las ambulancias adquiridas durante el 2022, se sumar\u00e1n la adquisici\u00f3n de dos nuevas ambulancias de alta complejidad\u201d.<\/p>\n<p>&nbsp;<\/p>\n<p>\u201cEste a\u00f1o, vamos a proceder a la <strong>actualizaci\u00f3n del resonador del Hospital Dr. H\u00e9ctor Cura<\/strong>, con nueva tecnolog\u00eda aplicada a detecci\u00f3n de neoplasias mamarias y patolog\u00edas cardiol\u00f3gicas. Asimismo, continuaremos con los programas de salud sexual reproductiva y el programa de ablaci\u00f3n y procuraci\u00f3n de \u00f3rganos\u201d, relat\u00f3.<\/p>\n<p>&nbsp;<\/p>\n<p><img data-recalc-dims=\"1\" loading=\"lazy\" decoding=\"async\" class=\"size-full wp-image-78163 aligncenter\" src=\"https:\/\/i0.wp.com\/cdnoticias.com\/wp-content\/uploads\/2023\/03\/apertura-de-sesiones-08.jpg?resize=800%2C445&#038;ssl=1\" alt=\"\" width=\"800\" height=\"445\" srcset=\"https:\/\/i0.wp.com\/cdnoticias.com\/wp-content\/uploads\/2023\/03\/apertura-de-sesiones-08.jpg?w=800&amp;ssl=1 800w, https:\/\/i0.wp.com\/cdnoticias.com\/wp-content\/uploads\/2023\/03\/apertura-de-sesiones-08.jpg?resize=300%2C167&amp;ssl=1 300w, https:\/\/i0.wp.com\/cdnoticias.com\/wp-content\/uploads\/2023\/03\/apertura-de-sesiones-08.jpg?resize=768%2C427&amp;ssl=1 768w\" sizes=\"auto, (max-width: 800px) 100vw, 800px\" \/><\/p>\n<p>&nbsp;<\/p>\n<p><strong>Contenci\u00f3n para los sectores m\u00e1s vulnerables<\/strong><\/p>\n<p><strong>\u00a0<\/strong><\/p>\n<p>Otro de los ejes que puntualiz\u00f3 el Intendente tuvo que ver con las <strong>acciones de la secretar\u00eda de Desarrollo Humano y Calidad de Vida y las distintas \u00e1reas que abarca.<\/strong> Asegur\u00f3 que \u201cen 2022 el Servicio Local realiz\u00f3 un total de 22.000 intervenciones respecto de 2000 ni\u00f1os y adolescentes en situaci\u00f3n de vulneraci\u00f3n de Derechos\u201d.<\/p>\n<p>&nbsp;<\/p>\n<p>Inform\u00f3 que la Subsecretar\u00eda de Derechos, Igualdad y Oportunidades cre\u00f3 dos nuevos programas: <strong>Programa de Gesti\u00f3n de Mesas Territoriales y Programa de Prevenci\u00f3n en consumos problem\u00e1ticos.<\/strong><\/p>\n<p>&nbsp;<\/p>\n<p>Adem\u00e1s mencion\u00f3 que durante el 2022, desde la <strong>Direcci\u00f3n de Pol\u00edticas de G\u00e9nero<\/strong> se acompa\u00f1aron<strong> 355 situaciones de violencia por motivos de g\u00e9nero<\/strong>, ingresando mayoritariamente como situaciones espont\u00e1neas y a trav\u00e9s de Guardia que funciona las 24 horas.<\/p>\n<p>&nbsp;<\/p>\n<p>Por otra parte, con el programa de Promoci\u00f3n de Derechos para personas con Discapacidad y Personas Mayores se gestionaron \u201cm\u00e1s de <strong>1600 Certificados \u00danicos de Discapacidad<\/strong> con todas las instancias de acompa\u00f1amiento a cada persona que ello supone\u201d.<\/p>\n<p>&nbsp;<\/p>\n<p><img data-recalc-dims=\"1\" loading=\"lazy\" decoding=\"async\" class=\"size-full wp-image-78164 aligncenter\" src=\"https:\/\/i0.wp.com\/cdnoticias.com\/wp-content\/uploads\/2023\/03\/apertura-de-sesiones-09.jpg?resize=800%2C445&#038;ssl=1\" alt=\"\" width=\"800\" height=\"445\" srcset=\"https:\/\/i0.wp.com\/cdnoticias.com\/wp-content\/uploads\/2023\/03\/apertura-de-sesiones-09.jpg?w=800&amp;ssl=1 800w, https:\/\/i0.wp.com\/cdnoticias.com\/wp-content\/uploads\/2023\/03\/apertura-de-sesiones-09.jpg?resize=300%2C167&amp;ssl=1 300w, https:\/\/i0.wp.com\/cdnoticias.com\/wp-content\/uploads\/2023\/03\/apertura-de-sesiones-09.jpg?resize=768%2C427&amp;ssl=1 768w\" sizes=\"auto, (max-width: 800px) 100vw, 800px\" \/><\/p>\n<p>&nbsp;<\/p>\n<p><strong>Tarjeta Alimentaria<\/strong><\/p>\n<p>&nbsp;<\/p>\n<p>En materia de Desarrollo Social \u201cpudimos implementar el <strong>Programa Alimentario Municipal<\/strong> que anunciamos en la apertura de sesiones pasada y que brinda una mayor transparencia a nuestra gesti\u00f3n\u201d, asegur\u00f3.<\/p>\n<p>&nbsp;<\/p>\n<p>El PAM reemplaz\u00f3 a la tradicional entrega de bolsones de mercader\u00eda, incluyendo en dicho programa a un total de <strong>3519 familias<\/strong> para que cada una pueda acceder a la compra de los alimentos.<\/p>\n<p>&nbsp;<\/p>\n<p>Indic\u00f3 que \u201cla Subsecretar\u00eda de Desarrollo Social cuenta con el <strong>Programa de Mejoramiento Habitacional<\/strong> que tiene por finalidad mejorar las condiciones habitacionales, contribuir a la inclusi\u00f3n urbana y social e integraci\u00f3n de los hogares de los olavarrienses, de los segmentos m\u00e1s vulnerables de la poblaci\u00f3n. Este a\u00f1o invertiremos m\u00e1s de 50 millones de pesos en este programa municipal\u201d.<\/p>\n<p>&nbsp;<\/p>\n<p>Sostuvo que \u201c<strong>las ayudas sociales no deben utilizarse como herramienta pol\u00edtica y electoral.<\/strong> Debemos evitar que los beneficiarios se conviertan en rehenes de la dirigencia pol\u00edtica\u201d.<\/p>\n<p>&nbsp;<\/p>\n<p><img data-recalc-dims=\"1\" loading=\"lazy\" decoding=\"async\" class=\"size-full wp-image-78165 aligncenter\" src=\"https:\/\/i0.wp.com\/cdnoticias.com\/wp-content\/uploads\/2023\/03\/apertura-de-sesiones-10.jpg?resize=800%2C445&#038;ssl=1\" alt=\"\" width=\"800\" height=\"445\" srcset=\"https:\/\/i0.wp.com\/cdnoticias.com\/wp-content\/uploads\/2023\/03\/apertura-de-sesiones-10.jpg?w=800&amp;ssl=1 800w, https:\/\/i0.wp.com\/cdnoticias.com\/wp-content\/uploads\/2023\/03\/apertura-de-sesiones-10.jpg?resize=300%2C167&amp;ssl=1 300w, https:\/\/i0.wp.com\/cdnoticias.com\/wp-content\/uploads\/2023\/03\/apertura-de-sesiones-10.jpg?resize=768%2C427&amp;ssl=1 768w\" sizes=\"auto, (max-width: 800px) 100vw, 800px\" \/><\/p>\n<p>&nbsp;<\/p>\n<p><strong>Cultura <\/strong><\/p>\n<p>&nbsp;<\/p>\n<p>Resalt\u00f3 la concreci\u00f3n de las distintas fiestas tradiciones y la actividad en los museos del Partido.<\/p>\n<p>&nbsp;<\/p>\n<p>Adelant\u00f3 que <strong>en abril de este a\u00f1o se llevar\u00e1 a cabo la Bienal de Plater\u00eda,<\/strong> en la que adem\u00e1s se homenajear\u00e1 al gran orfebre Armando Ferreira, quien falleci\u00f3 a fines de 2022.<\/p>\n<p>&nbsp;<\/p>\n<p>Por otra parte, asegur\u00f3 que desde la Subsecretar\u00eda de Cultura \u201cya se est\u00e1 trabajando para que <strong>en el mes de agosto se lleve a cabo una nueva edici\u00f3n de la Feria del Libro<\/strong> y para repetir en el CEMO la \u201cMuestra de autos y motos antiguas y coleccionables\u201d.<\/p>\n<p>&nbsp;<\/p>\n<p>Anunci\u00f3 tambi\u00e9n que <strong>\u201cpor primera vez vendr\u00e1n a la ciudad expresiones de arte digital, arte interactivo, cin\u00e9tico e inmersivo\u201d.<\/strong><\/p>\n<p>&nbsp;<\/p>\n<p>La <strong>Orquesta Sinf\u00f3nica Municipal<\/strong> tendr\u00e1 presentaciones a partir de marzo y hasta diciembre inclusive, no solamente en el Teatro Municipal sino tambi\u00e9n en otros espacios. En este punto aclar\u00f3 que \u201cse realizar\u00e1n en dos formatos, uno con los m\u00fasicos locales y otro con la orquesta ampliada, con la incorporaci\u00f3n de m\u00fasicos profesionales que jerarquizar\u00e1n y completar\u00e1n la orquesta\u201d.<\/p>\n<p>&nbsp;<\/p>\n<p><img data-recalc-dims=\"1\" loading=\"lazy\" decoding=\"async\" class=\"size-full wp-image-78166 aligncenter\" src=\"https:\/\/i0.wp.com\/cdnoticias.com\/wp-content\/uploads\/2023\/03\/apertura-de-sesiones-11.jpg?resize=800%2C445&#038;ssl=1\" alt=\"\" width=\"800\" height=\"445\" srcset=\"https:\/\/i0.wp.com\/cdnoticias.com\/wp-content\/uploads\/2023\/03\/apertura-de-sesiones-11.jpg?w=800&amp;ssl=1 800w, https:\/\/i0.wp.com\/cdnoticias.com\/wp-content\/uploads\/2023\/03\/apertura-de-sesiones-11.jpg?resize=300%2C167&amp;ssl=1 300w, https:\/\/i0.wp.com\/cdnoticias.com\/wp-content\/uploads\/2023\/03\/apertura-de-sesiones-11.jpg?resize=768%2C427&amp;ssl=1 768w\" sizes=\"auto, (max-width: 800px) 100vw, 800px\" \/><\/p>\n<p>&nbsp;<\/p>\n<p><strong>Ojos en Alerta y Centro de Monitoreo <\/strong><\/p>\n<p>&nbsp;<\/p>\n<p>En materia de seguridad destac\u00f3 la implementaci\u00f3n de esta herramienta donde \u201c<strong>miles de vecinos ya son parte de esta red<\/strong> de protecci\u00f3n ciudadana e impulsaremos a que m\u00e1s personas se sumen\u201d.<\/p>\n<p>&nbsp;<\/p>\n<p>\u201cGracias a nuestra r\u00e1pida respuesta, nuestras l\u00edneas telef\u00f3nicas municipales se han convertido en la <strong>primera opci\u00f3n<\/strong> para los vecinos a la hora de realizar denuncias\u201d, afirm\u00f3.<\/p>\n<p>&nbsp;<\/p>\n<p>\u201cSi bien las fuerzas policiales dependen exclusivamente del Gobierno Provincial, desde el Municipio afrontamos el <strong>costo del combustible y arreglos de los patrulleros<\/strong> para que se pueda trabajar en la prevenci\u00f3n del delito. Tambi\u00e9n colaboramos pagando el <strong>alquiler de las dependencias policiales<\/strong> donde funcionan la DDI, comisar\u00eda de la mujer, comisar\u00eda segunda y el GAD. A eso debemos sumar que llevamos adelante, tambi\u00e9n con recursos municipales, refacciones edilicias de esos espacios y otros\u201d, detall\u00f3.<\/p>\n<p>&nbsp;<\/p>\n<p>Respecto a la colocaci\u00f3n de c\u00e1maras que supervisa el <strong>Centro de Monitoreo<\/strong> inform\u00f3 que se colocar\u00e1n nuevos dispositivos en el barrio CECO 1 y se ampliar\u00e1 la red de c\u00e1maras en las localidades y en diferentes sectores de la ciudad.<\/p>\n","protected":false},"excerpt":{"rendered":"<p>Lo afirm\u00f3 el Intendente en la apertura de sesiones 2023 del HCD. Detall\u00f3 las gestiones realizadas durante el a\u00f1o pasado<\/p>\n","protected":false},"author":5,"featured_media":78155,"comment_status":"closed","ping_status":"closed","sticky":false,"template":"","format":"standard","meta":{"_jetpack_memberships_contains_paid_content":false,"footnotes":""},"categories":[4,1],"tags":[],"class_list":["post-78151","post","type-post","status-publish","format-standard","has-post-thumbnail","hentry","category-politica","category-portada"],"jetpack_featured_media_url":"https:\/\/i0.wp.com\/cdnoticias.com\/wp-content\/uploads\/2023\/03\/apertura-de-sesiones-00.jpg?fit=800%2C445&ssl=1","jetpack_sharing_enabled":true,"_links":{"self":[{"href":"https:\/\/cdnoticias.com\/index.php\/wp-json\/wp\/v2\/posts\/78151","targetHints":{"allow":["GET"]}}],"collection":[{"href":"https:\/\/cdnoticias.com\/index.php\/wp-json\/wp\/v2\/posts"}],"about":[{"href":"https:\/\/cdnoticias.com\/index.php\/wp-json\/wp\/v2\/types\/post"}],"author":[{"embeddable":true,"href":"https:\/\/cdnoticias.com\/index.php\/wp-json\/wp\/v2\/users\/5"}],"replies":[{"embeddable":true,"href":"https:\/\/cdnoticias.com\/index.php\/wp-json\/wp\/v2\/comments?post=78151"}],"version-history":[{"count":0,"href":"https:\/\/cdnoticias.com\/index.php\/wp-json\/wp\/v2\/posts\/78151\/revisions"}],"wp:featuredmedia":[{"embeddable":true,"href":"https:\/\/cdnoticias.com\/index.php\/wp-json\/wp\/v2\/media\/78155"}],"wp:attachment":[{"href":"https:\/\/cdnoticias.com\/index.php\/wp-json\/wp\/v2\/media?parent=78151"}],"wp:term":[{"taxonomy":"category","embeddable":true,"href":"https:\/\/cdnoticias.com\/index.php\/wp-json\/wp\/v2\/categories?post=78151"},{"taxonomy":"post_tag","embeddable":true,"href":"https:\/\/cdnoticias.com\/index.php\/wp-json\/wp\/v2\/tags?post=78151"}],"curies":[{"name":"wp","href":"https:\/\/api.w.org\/{rel}","templated":true}]}}