{"id":7815,"date":"2020-11-30T15:19:43","date_gmt":"2020-11-30T18:19:43","guid":{"rendered":"http:\/\/www.centraldenoticias.com.ar\/?p=7815"},"modified":"2020-11-30T16:03:09","modified_gmt":"2020-11-30T19:03:09","slug":"los-feminismos-de-olavarria-acompanaran-el-debate-por-el-aborto-legal","status":"publish","type":"post","link":"https:\/\/cdnoticias.com\/index.php\/2020\/11\/30\/los-feminismos-de-olavarria-acompanaran-el-debate-por-el-aborto-legal\/","title":{"rendered":"Los feminismos de Olavarr\u00eda acompa\u00f1ar\u00e1n el debate por el Aborto Legal"},"content":{"rendered":"<p>Este martes comenzar\u00e1 el tratamiento del proyecto de ley IVE en Diputados. A las 17.30 en la Plaza Central se realizar\u00e1 un \u201cRuidazo\u201d. Habr\u00e1 actividades diarias y el d\u00eda de la sesi\u00f3n se realizar\u00e1 la \u201cPlaza Verde\u201d.<!--more--><\/p>\n<hr \/>\n<p><strong>Los feminismos de Olavarr\u00eda acompa\u00f1ar\u00e1n el debate por el Aborto Legal que se iniciar\u00e1 el martes en las comisiones de la C\u00e1mara de Diputados de la Naci\u00f3n<\/strong> tal como <a href=\"https:\/\/cdnoticias.com\/index.php\/2020\/11\/27\/desde-el-martes-una-semana-de-debate-para-la-ley-ive-en-diputados\/\" target=\"_blank\" rel=\"noopener\">adelant\u00f3<\/a> Central de Noticias.<\/p>\n<p>\u201cEs urgente Aborto Legal 2020\u201d sostiene la convocatoria local para <strong>\u201cinundar las calles para que este 2020 Sea Ley\u201d<\/strong>. Desde la Campa\u00f1a Nacional por el Aborto Legal, Seguro y Gratuito de Olavarr\u00eda se organizaron y dieron a conocer las actividades.<\/p>\n<p>Se desarrollar\u00e1n diariamente desde este martes y, <strong>para el d\u00eda del tratamiento en el recinto, el 10 de diciembre, se realizar\u00e1 la \u201cPlaza Verde\u201d<\/strong> con la confianza en la media sanci\u00f3n de la Ley de Interrupci\u00f3n Voluntaria del Embarazo (IVE).<\/p>\n<p><img data-recalc-dims=\"1\" loading=\"lazy\" decoding=\"async\" class=\"aligncenter wp-image-7816\" src=\"https:\/\/i0.wp.com\/cdnoticias.com\/wp-content\/uploads\/2020\/11\/Aborto-Legal-300x300.jpeg?resize=500%2C500&#038;ssl=1\" alt=\"\" width=\"500\" height=\"500\" srcset=\"https:\/\/i0.wp.com\/cdnoticias.com\/wp-content\/uploads\/2020\/11\/Aborto-Legal.jpeg?resize=300%2C300&amp;ssl=1 300w, https:\/\/i0.wp.com\/cdnoticias.com\/wp-content\/uploads\/2020\/11\/Aborto-Legal.jpeg?resize=150%2C150&amp;ssl=1 150w, https:\/\/i0.wp.com\/cdnoticias.com\/wp-content\/uploads\/2020\/11\/Aborto-Legal.jpeg?resize=768%2C768&amp;ssl=1 768w, https:\/\/i0.wp.com\/cdnoticias.com\/wp-content\/uploads\/2020\/11\/Aborto-Legal.jpeg?resize=1024%2C1024&amp;ssl=1 1024w, https:\/\/i0.wp.com\/cdnoticias.com\/wp-content\/uploads\/2020\/11\/Aborto-Legal.jpeg?w=1280&amp;ssl=1 1280w\" sizes=\"auto, (max-width: 500px) 100vw, 500px\" \/><\/p>\n<p><strong>El cronograma:<\/strong><\/p>\n<p>El martes a las 17.30 en la Plaza Central se har\u00e1 el Tamborazo\/Ruidazo por el Aborto Legal.<\/p>\n<p>El mi\u00e9rcoles a las 17.30 en la Plaza Central se dictar\u00e1 un taller sobre el proyecto de ley: \u201c\u00bfQu\u00e9 implica la objeci\u00f3n de conciencia?\u201d<\/p>\n<p>El jueves a las 17.30 en Brown y Del Valle: Pa\u00f1uelazo en el Puente.<\/p>\n<p>El viernes a las 17.30 en la Plaza Central: Suelta de globos \u201cVamos por el dictamen\u201d.<\/p>\n<p>Se aclar\u00f3 que <strong>las actividades son abiertas a toda la comunidad<\/strong>.<\/p>\n","protected":false},"excerpt":{"rendered":"<p>Este martes comenzar\u00e1 el tratamiento del proyecto de ley IVE en Diputados. A las 17.30 en la Plaza Central se<\/p>\n","protected":false},"author":4,"featured_media":6858,"comment_status":"closed","ping_status":"closed","sticky":false,"template":"","format":"standard","meta":{"_jetpack_memberships_contains_paid_content":false,"footnotes":""},"categories":[3,1],"tags":[],"class_list":["post-7815","post","type-post","status-publish","format-standard","has-post-thumbnail","hentry","category-genero","category-portada"],"jetpack_featured_media_url":"https:\/\/i0.wp.com\/cdnoticias.com\/wp-content\/uploads\/2020\/11\/Aborto08.jpg?fit=872%2C600&ssl=1","jetpack_sharing_enabled":true,"_links":{"self":[{"href":"https:\/\/cdnoticias.com\/index.php\/wp-json\/wp\/v2\/posts\/7815","targetHints":{"allow":["GET"]}}],"collection":[{"href":"https:\/\/cdnoticias.com\/index.php\/wp-json\/wp\/v2\/posts"}],"about":[{"href":"https:\/\/cdnoticias.com\/index.php\/wp-json\/wp\/v2\/types\/post"}],"author":[{"embeddable":true,"href":"https:\/\/cdnoticias.com\/index.php\/wp-json\/wp\/v2\/users\/4"}],"replies":[{"embeddable":true,"href":"https:\/\/cdnoticias.com\/index.php\/wp-json\/wp\/v2\/comments?post=7815"}],"version-history":[{"count":0,"href":"https:\/\/cdnoticias.com\/index.php\/wp-json\/wp\/v2\/posts\/7815\/revisions"}],"wp:featuredmedia":[{"embeddable":true,"href":"https:\/\/cdnoticias.com\/index.php\/wp-json\/wp\/v2\/media\/6858"}],"wp:attachment":[{"href":"https:\/\/cdnoticias.com\/index.php\/wp-json\/wp\/v2\/media?parent=7815"}],"wp:term":[{"taxonomy":"category","embeddable":true,"href":"https:\/\/cdnoticias.com\/index.php\/wp-json\/wp\/v2\/categories?post=7815"},{"taxonomy":"post_tag","embeddable":true,"href":"https:\/\/cdnoticias.com\/index.php\/wp-json\/wp\/v2\/tags?post=7815"}],"curies":[{"name":"wp","href":"https:\/\/api.w.org\/{rel}","templated":true}]}}