{"id":78141,"date":"2023-03-01T11:12:19","date_gmt":"2023-03-01T14:12:19","guid":{"rendered":"https:\/\/www.centraldenoticias.com.ar\/?p=78141"},"modified":"2023-03-01T11:12:19","modified_gmt":"2023-03-01T14:12:19","slug":"en-vivo-apertura-de-sesiones-del-honorable-concejo-deliberante","status":"publish","type":"post","link":"https:\/\/cdnoticias.com\/index.php\/2023\/03\/01\/en-vivo-apertura-de-sesiones-del-honorable-concejo-deliberante\/","title":{"rendered":"EN VIVO: apertura de sesiones del Honorable Concejo Deliberante"},"content":{"rendered":"<p>Desde las 11 se lleva a cabo en el recinto que funciona en la Sociedad Espa\u00f1ola.<!--more--><\/p>\n<hr \/>\n<p>Este mi\u00e9rcoles desde las 11 de la ma\u00f1ana se lleva a cabo la <strong>inauguraci\u00f3n de las sesiones ordinarias del Honorable Concejo Deliberante.<\/strong><\/p>\n<p>&nbsp;<\/p>\n<p>En primer t\u00e9rmino, se realizar\u00e1 una <strong>rese\u00f1a de lo actuado por el Concejo Deliberante<\/strong> durante el periodo legislativo 2022.<\/p>\n<p>&nbsp;<\/p>\n<p>Luego ser\u00e1 el turno del <strong>discurso del intendente Ezequiel Galli<\/strong> con un repaso de las gestiones llevadas adelante durante el per\u00edodo anterior y las proyecciones para este 2023.<\/p>\n<p>&nbsp;<\/p>\n<p><strong>Segu\u00ed la sesi\u00f3n en vivo:<\/strong><\/p>\n<p>&nbsp;<\/p>\n<div class=\"jetpack-video-wrapper\"><iframe loading=\"lazy\" title=\"Apertura de Sesiones Ordinarias 2023 - 1\/3\" width=\"800\" height=\"450\" src=\"https:\/\/www.youtube.com\/embed\/PfNzhxnChFk?feature=oembed\" frameborder=\"0\" allow=\"accelerometer; autoplay; clipboard-write; encrypted-media; gyroscope; picture-in-picture; web-share\" allowfullscreen><\/iframe><\/div>\n","protected":false},"excerpt":{"rendered":"<p>Desde las 11 se lleva a cabo en el recinto que funciona en la Sociedad Espa\u00f1ola.<\/p>\n","protected":false},"author":5,"featured_media":78142,"comment_status":"closed","ping_status":"closed","sticky":false,"template":"","format":"standard","meta":{"_jetpack_memberships_contains_paid_content":false,"footnotes":""},"categories":[4,1],"tags":[],"class_list":["post-78141","post","type-post","status-publish","format-standard","has-post-thumbnail","hentry","category-politica","category-portada"],"jetpack_featured_media_url":"https:\/\/i0.wp.com\/cdnoticias.com\/wp-content\/uploads\/2023\/03\/hcd-apertura-sesiones-2023.jpg?fit=1600%2C890&ssl=1","jetpack_sharing_enabled":true,"_links":{"self":[{"href":"https:\/\/cdnoticias.com\/index.php\/wp-json\/wp\/v2\/posts\/78141","targetHints":{"allow":["GET"]}}],"collection":[{"href":"https:\/\/cdnoticias.com\/index.php\/wp-json\/wp\/v2\/posts"}],"about":[{"href":"https:\/\/cdnoticias.com\/index.php\/wp-json\/wp\/v2\/types\/post"}],"author":[{"embeddable":true,"href":"https:\/\/cdnoticias.com\/index.php\/wp-json\/wp\/v2\/users\/5"}],"replies":[{"embeddable":true,"href":"https:\/\/cdnoticias.com\/index.php\/wp-json\/wp\/v2\/comments?post=78141"}],"version-history":[{"count":0,"href":"https:\/\/cdnoticias.com\/index.php\/wp-json\/wp\/v2\/posts\/78141\/revisions"}],"wp:featuredmedia":[{"embeddable":true,"href":"https:\/\/cdnoticias.com\/index.php\/wp-json\/wp\/v2\/media\/78142"}],"wp:attachment":[{"href":"https:\/\/cdnoticias.com\/index.php\/wp-json\/wp\/v2\/media?parent=78141"}],"wp:term":[{"taxonomy":"category","embeddable":true,"href":"https:\/\/cdnoticias.com\/index.php\/wp-json\/wp\/v2\/categories?post=78141"},{"taxonomy":"post_tag","embeddable":true,"href":"https:\/\/cdnoticias.com\/index.php\/wp-json\/wp\/v2\/tags?post=78141"}],"curies":[{"name":"wp","href":"https:\/\/api.w.org\/{rel}","templated":true}]}}