{"id":78139,"date":"2023-03-01T10:58:08","date_gmt":"2023-03-01T13:58:08","guid":{"rendered":"https:\/\/www.centraldenoticias.com.ar\/?p=78139"},"modified":"2023-03-01T11:37:17","modified_gmt":"2023-03-01T14:37:17","slug":"benitez-es-el-cuarto-inicio-del-ciclo-lectivo-sin-ningun-paro","status":"publish","type":"post","link":"https:\/\/cdnoticias.com\/index.php\/2023\/03\/01\/benitez-es-el-cuarto-inicio-del-ciclo-lectivo-sin-ningun-paro\/","title":{"rendered":"Ben\u00edtez: \u201ces el cuarto inicio del ciclo lectivo sin ning\u00fan paro\u201d"},"content":{"rendered":"<p>Lo afirm\u00f3 el Jefe de Educaci\u00f3n Distrital en el marco de la inauguraci\u00f3n de la reforma de la Secundaria 20. Celebr\u00f3 los 40 a\u00f1os de democracia ininterrumpida y describi\u00f3 a las escuelas como \u201cterritorios de paz\u201d. \u201cTenemos que aprender a convivir, tenemos que celebra la diferencia\u201d. <!--more--><\/p>\n<hr \/>\n<p>Este mi\u00e9rcoles se llev\u00f3 adelante el <a href=\"https:\/\/cdnoticias.com\/index.php\/2023\/03\/01\/las-clases-comenzaron-con-la-inauguracion-de-la-reforma-de-la-secundaria-20\/\" target=\"_blank\" rel=\"noopener\">inicio al ciclo lectivo 2023 y la inauguraci\u00f3n de la ampliaci\u00f3n y reforma de la Escuela Secundaria 20 \u201cFray Romeo Musaragno\u201d<\/a>, ubicada en San Martin 2053, en Pueblo Nuevo.<\/p>\n<p>&nbsp;<\/p>\n<p>En el marco del acto, el Jefe de Educaci\u00f3n Distrital, Julio Ben\u00edtez resalt\u00f3 que <strong>\u201ces el cuarto inicio del ciclo lectivo sin ning\u00fan paro, sin ning\u00fan problema salarial que haga que los docentes tengamos que estar reclamando por nuestros derechos\u201d.<\/strong><\/p>\n<p>&nbsp;<\/p>\n<p>En ese marco, Ben\u00edtez subray\u00f3 que \u201c<strong>hay celebraciones individuales y hay celebraciones colectivas.<\/strong> Hoy el \u00daltimo Primer D\u00eda (UPD), otros celebran que empiezan a dar sus primeros pasos como estudiantes secundarios, pero comunidad celebramos la restauraci\u00f3n de una escuela, que tenga cuatro aulas nuevas, que se agreguen dependencias, que sea un espacio mejor\u201d.<\/p>\n<p>&nbsp;<\/p>\n<p><img data-recalc-dims=\"1\" loading=\"lazy\" decoding=\"async\" class=\"aligncenter size-full wp-image-78114\" src=\"https:\/\/i0.wp.com\/cdnoticias.com\/wp-content\/uploads\/2023\/03\/sec-20-inauguracion-11-scaled.jpg?resize=800%2C445&#038;ssl=1\" alt=\"\" width=\"800\" height=\"445\" srcset=\"https:\/\/i0.wp.com\/cdnoticias.com\/wp-content\/uploads\/2023\/03\/sec-20-inauguracion-11-scaled.jpg?w=2560&amp;ssl=1 2560w, https:\/\/i0.wp.com\/cdnoticias.com\/wp-content\/uploads\/2023\/03\/sec-20-inauguracion-11-scaled.jpg?resize=300%2C167&amp;ssl=1 300w, https:\/\/i0.wp.com\/cdnoticias.com\/wp-content\/uploads\/2023\/03\/sec-20-inauguracion-11-scaled.jpg?resize=1024%2C570&amp;ssl=1 1024w, https:\/\/i0.wp.com\/cdnoticias.com\/wp-content\/uploads\/2023\/03\/sec-20-inauguracion-11-scaled.jpg?resize=768%2C427&amp;ssl=1 768w, https:\/\/i0.wp.com\/cdnoticias.com\/wp-content\/uploads\/2023\/03\/sec-20-inauguracion-11-scaled.jpg?resize=1536%2C854&amp;ssl=1 1536w, https:\/\/i0.wp.com\/cdnoticias.com\/wp-content\/uploads\/2023\/03\/sec-20-inauguracion-11-scaled.jpg?resize=2048%2C1139&amp;ssl=1 2048w, https:\/\/i0.wp.com\/cdnoticias.com\/wp-content\/uploads\/2023\/03\/sec-20-inauguracion-11-scaled.jpg?resize=800%2C445&amp;ssl=1 800w, https:\/\/i0.wp.com\/cdnoticias.com\/wp-content\/uploads\/2023\/03\/sec-20-inauguracion-11-scaled.jpg?w=1600&amp;ssl=1 1600w, https:\/\/i0.wp.com\/cdnoticias.com\/wp-content\/uploads\/2023\/03\/sec-20-inauguracion-11-scaled.jpg?w=2400&amp;ssl=1 2400w\" sizes=\"auto, (max-width: 800px) 100vw, 800px\" \/><\/p>\n<p>&nbsp;<\/p>\n<p>Adem\u00e1s, record\u00f3 que <strong>\u201ccomo comunidad tambi\u00e9n celebramos 40 a\u00f1os de democracia\u201d<\/strong> y llam\u00f3 a las nuevas generaciones \u201ca defenderla ante cualquier ataque\u201d. Resalt\u00f3 las palabras del titular de Educaci\u00f3n bonaerense Alberto Sileoni indicando que <strong>\u201clas escuelas somos territorios de paz, tenemos que aprender a convivir, tenemos que celebrar la diferencia, es un aprendizaje, una construcci\u00f3n. Construir una comunidad es un trabajo diario\u201d.<\/strong><\/p>\n<p>&nbsp;<\/p>\n<p>Asimismo, se\u00f1al\u00f3 que \u201cpara garantizar las mejores condiciones est\u00e1 el Estado, el nacional a trav\u00e9s de los fondos de coparticipaci\u00f3n que son posibles la realizaci\u00f3n de estas obras, el Estado provincial, el Estado municipal\u201d.<\/p>\n<p>&nbsp;<\/p>\n<p><img data-recalc-dims=\"1\" loading=\"lazy\" decoding=\"async\" class=\"aligncenter size-full wp-image-78109\" src=\"https:\/\/i0.wp.com\/cdnoticias.com\/wp-content\/uploads\/2023\/03\/sec-20-inauguracion-06-scaled.jpg?resize=800%2C445&#038;ssl=1\" alt=\"\" width=\"800\" height=\"445\" srcset=\"https:\/\/i0.wp.com\/cdnoticias.com\/wp-content\/uploads\/2023\/03\/sec-20-inauguracion-06-scaled.jpg?w=2560&amp;ssl=1 2560w, https:\/\/i0.wp.com\/cdnoticias.com\/wp-content\/uploads\/2023\/03\/sec-20-inauguracion-06-scaled.jpg?resize=300%2C167&amp;ssl=1 300w, https:\/\/i0.wp.com\/cdnoticias.com\/wp-content\/uploads\/2023\/03\/sec-20-inauguracion-06-scaled.jpg?resize=1024%2C570&amp;ssl=1 1024w, https:\/\/i0.wp.com\/cdnoticias.com\/wp-content\/uploads\/2023\/03\/sec-20-inauguracion-06-scaled.jpg?resize=768%2C427&amp;ssl=1 768w, https:\/\/i0.wp.com\/cdnoticias.com\/wp-content\/uploads\/2023\/03\/sec-20-inauguracion-06-scaled.jpg?resize=1536%2C854&amp;ssl=1 1536w, https:\/\/i0.wp.com\/cdnoticias.com\/wp-content\/uploads\/2023\/03\/sec-20-inauguracion-06-scaled.jpg?resize=2048%2C1139&amp;ssl=1 2048w, https:\/\/i0.wp.com\/cdnoticias.com\/wp-content\/uploads\/2023\/03\/sec-20-inauguracion-06-scaled.jpg?resize=800%2C445&amp;ssl=1 800w, https:\/\/i0.wp.com\/cdnoticias.com\/wp-content\/uploads\/2023\/03\/sec-20-inauguracion-06-scaled.jpg?w=1600&amp;ssl=1 1600w, https:\/\/i0.wp.com\/cdnoticias.com\/wp-content\/uploads\/2023\/03\/sec-20-inauguracion-06-scaled.jpg?w=2400&amp;ssl=1 2400w\" sizes=\"auto, (max-width: 800px) 100vw, 800px\" \/><\/p>\n<p>&nbsp;<\/p>\n<p>Respecto a las pol\u00edticas p\u00fablicas del <strong>Estado provincial<\/strong> adelant\u00f3 que \u201ceste a\u00f1o le vamos a dar continuidad a la <strong>tercera etapa de las entregas de las computadoras Conectar Igualdad, vuelven los viajes gratuitos para las y los estudiantes secundarios<\/strong> de nuestra provincia y finalmente quiero contarles que el sistema educativo de nuestro distrito se ha visto mejorado por estas pol\u00edticas p\u00fablicas, el a\u00f1o pasado 18 escuelas primarias pasaron a ser de 20 horas semanales a 25 horas semanales, 3 pasaron a ser de jornada completa y durante <strong>este a\u00f1o m\u00e1s escuelas primarias van a pasar a extender su carga horaria<\/strong>\u201d.<\/p>\n","protected":false},"excerpt":{"rendered":"<p>Lo afirm\u00f3 el Jefe de Educaci\u00f3n Distrital en el marco de la inauguraci\u00f3n de la reforma de la Secundaria 20.<\/p>\n","protected":false},"author":5,"featured_media":78102,"comment_status":"closed","ping_status":"closed","sticky":false,"template":"","format":"standard","meta":{"_jetpack_memberships_contains_paid_content":false,"footnotes":""},"categories":[5,1],"tags":[],"class_list":["post-78139","post","type-post","status-publish","format-standard","has-post-thumbnail","hentry","category-informacion-general","category-portada"],"jetpack_featured_media_url":"https:\/\/i0.wp.com\/cdnoticias.com\/wp-content\/uploads\/2023\/03\/julio-benitez-sec20-02-scaled.jpg?fit=2560%2C1424&ssl=1","jetpack_sharing_enabled":true,"_links":{"self":[{"href":"https:\/\/cdnoticias.com\/index.php\/wp-json\/wp\/v2\/posts\/78139","targetHints":{"allow":["GET"]}}],"collection":[{"href":"https:\/\/cdnoticias.com\/index.php\/wp-json\/wp\/v2\/posts"}],"about":[{"href":"https:\/\/cdnoticias.com\/index.php\/wp-json\/wp\/v2\/types\/post"}],"author":[{"embeddable":true,"href":"https:\/\/cdnoticias.com\/index.php\/wp-json\/wp\/v2\/users\/5"}],"replies":[{"embeddable":true,"href":"https:\/\/cdnoticias.com\/index.php\/wp-json\/wp\/v2\/comments?post=78139"}],"version-history":[{"count":0,"href":"https:\/\/cdnoticias.com\/index.php\/wp-json\/wp\/v2\/posts\/78139\/revisions"}],"wp:featuredmedia":[{"embeddable":true,"href":"https:\/\/cdnoticias.com\/index.php\/wp-json\/wp\/v2\/media\/78102"}],"wp:attachment":[{"href":"https:\/\/cdnoticias.com\/index.php\/wp-json\/wp\/v2\/media?parent=78139"}],"wp:term":[{"taxonomy":"category","embeddable":true,"href":"https:\/\/cdnoticias.com\/index.php\/wp-json\/wp\/v2\/categories?post=78139"},{"taxonomy":"post_tag","embeddable":true,"href":"https:\/\/cdnoticias.com\/index.php\/wp-json\/wp\/v2\/tags?post=78139"}],"curies":[{"name":"wp","href":"https:\/\/api.w.org\/{rel}","templated":true}]}}