{"id":78135,"date":"2023-03-01T19:44:54","date_gmt":"2023-03-01T22:44:54","guid":{"rendered":"https:\/\/www.centraldenoticias.com.ar\/?p=78135"},"modified":"2023-03-01T20:45:46","modified_gmt":"2023-03-01T23:45:46","slug":"la-fiscal-viviana-beytia-dejo-la-ufi-no-5-para-jubilarse","status":"publish","type":"post","link":"https:\/\/cdnoticias.com\/index.php\/2023\/03\/01\/la-fiscal-viviana-beytia-dejo-la-ufi-no-5-para-jubilarse\/","title":{"rendered":"La fiscal Viviana Beyt\u00eda dej\u00f3 la UFI N\u00ba 5 para jubilarse"},"content":{"rendered":"<p>La funcionaria present\u00f3 su renuncia a partir de abril, la que debe ser aceptada por el Gobernador. Actualmente est\u00e1 de licencia. La definici\u00f3n del reemplazo.<\/p>\n<p><!--more--><\/p>\n<hr \/>\n<p><strong>La fiscal Viviana Beyt\u00eda dej\u00f3 la titularidad de la UFI N\u00ba 5 para jubilarse<\/strong>. La funcionaria del Ministerio P\u00fablico est\u00e1 actualmente de licencia.<\/p>\n<p>&nbsp;<\/p>\n<p>De esta manera, <strong>la UFI especializada en delitos de violencia familiar y de g\u00e9nero quedar\u00e1 sin fiscal formalmente designado a partir del mes de abril<\/strong>. En ese momento se har\u00e1 efectiva la renuncia que present\u00f3 la doctora Beyt\u00eda, la cual debe ser aceptada por el Gobernador.<\/p>\n<p>&nbsp;<\/p>\n<p>Con ello, la funcionaria quedar\u00e1 en condiciones de <strong>acceder efectivamente a la jubilaci\u00f3n.<\/strong><\/p>\n<p>&nbsp;<\/p>\n<p><a href=\"https:\/\/cdnoticias.com\/index.php\/2021\/10\/09\/la-fiscalia-en-violencia-familiar-y-de-genero-cumplio-6-meses-de-labor\/\" target=\"_blank\" rel=\"noopener\">En abril de 2021 se design\u00f3 a Viviana Beyt\u00eda al frente de la UFI N\u00ba 5<\/a> la cual qued\u00f3 especializada en delitos de violencia familiar y de g\u00e9nero con injerencia tanto en Olavarr\u00eda como en Laprida y Lamadrid. Se trata de<strong> un tipo de delito de alt\u00edsima incidencia<\/strong> y cuya especificidad, adem\u00e1s, demanda que no cumpla turnos -como el resto de las fiscal\u00edas- sino que su labor es continuada a diario.<\/p>\n<p>&nbsp;<\/p>\n<p>Previamente, la Secretar\u00eda de Violencia Familiar y de G\u00e9nero funcionaba bajo la \u00f3rbita de la UFI N\u00ba 10 que tambi\u00e9n estaba a cargo de Beyt\u00eda.<\/p>\n<p>&nbsp;<\/p>\n<p>La salida de la funcionaria implicar\u00e1<strong> su reemplazo en primera instancia con los fiscales actualmente designados<\/strong> en el \u00e1mbito del Ministerio P\u00fablico del Departamento Judicial Azul, lo cual definir\u00e1 el fiscal general Marcelo Sobrino. Y luego<strong> se deber\u00e1 convocar a concurso para la elecci\u00f3n de un nuevo fiscal en Olavarr\u00eda<\/strong>, proceso que suele llevar varios a\u00f1os desde su inicio hasta la asunci\u00f3n efectiva.<\/p>\n<p>&nbsp;<\/p>\n","protected":false},"excerpt":{"rendered":"<p>La funcionaria present\u00f3 su renuncia a partir de abril, la que debe ser aceptada por el Gobernador. Actualmente est\u00e1 de<\/p>\n","protected":false},"author":4,"featured_media":34916,"comment_status":"closed","ping_status":"closed","sticky":false,"template":"","format":"standard","meta":{"_jetpack_memberships_contains_paid_content":false,"footnotes":""},"categories":[14,1],"tags":[],"class_list":["post-78135","post","type-post","status-publish","format-standard","has-post-thumbnail","hentry","category-policiales","category-portada"],"jetpack_featured_media_url":"https:\/\/i0.wp.com\/cdnoticias.com\/wp-content\/uploads\/2021\/10\/Beytia01.jpg?fit=800%2C445&ssl=1","jetpack_sharing_enabled":true,"_links":{"self":[{"href":"https:\/\/cdnoticias.com\/index.php\/wp-json\/wp\/v2\/posts\/78135","targetHints":{"allow":["GET"]}}],"collection":[{"href":"https:\/\/cdnoticias.com\/index.php\/wp-json\/wp\/v2\/posts"}],"about":[{"href":"https:\/\/cdnoticias.com\/index.php\/wp-json\/wp\/v2\/types\/post"}],"author":[{"embeddable":true,"href":"https:\/\/cdnoticias.com\/index.php\/wp-json\/wp\/v2\/users\/4"}],"replies":[{"embeddable":true,"href":"https:\/\/cdnoticias.com\/index.php\/wp-json\/wp\/v2\/comments?post=78135"}],"version-history":[{"count":0,"href":"https:\/\/cdnoticias.com\/index.php\/wp-json\/wp\/v2\/posts\/78135\/revisions"}],"wp:featuredmedia":[{"embeddable":true,"href":"https:\/\/cdnoticias.com\/index.php\/wp-json\/wp\/v2\/media\/34916"}],"wp:attachment":[{"href":"https:\/\/cdnoticias.com\/index.php\/wp-json\/wp\/v2\/media?parent=78135"}],"wp:term":[{"taxonomy":"category","embeddable":true,"href":"https:\/\/cdnoticias.com\/index.php\/wp-json\/wp\/v2\/categories?post=78135"},{"taxonomy":"post_tag","embeddable":true,"href":"https:\/\/cdnoticias.com\/index.php\/wp-json\/wp\/v2\/tags?post=78135"}],"curies":[{"name":"wp","href":"https:\/\/api.w.org\/{rel}","templated":true}]}}