{"id":7811,"date":"2020-11-30T11:50:32","date_gmt":"2020-11-30T14:50:32","guid":{"rendered":"http:\/\/www.centraldenoticias.com.ar\/?p=7811"},"modified":"2020-11-30T12:57:11","modified_gmt":"2020-11-30T15:57:11","slug":"desde-este-martes-cambiaran-los-horarios-de-atencion-de-bancos","status":"publish","type":"post","link":"https:\/\/cdnoticias.com\/index.php\/2020\/11\/30\/desde-este-martes-cambiaran-los-horarios-de-atencion-de-bancos\/","title":{"rendered":"Desde este martes cambiar\u00e1n los horarios de atenci\u00f3n de bancos"},"content":{"rendered":"<p>As\u00ed lo ratific\u00f3 el gobierno provincial mediante un decreto firmado por el gobernador Kicillof. Estar\u00e1n abiertas sus puertas desde las 8 y hasta las 13 horas.<!--more--><\/p>\n<hr \/>\n<p>Mediante el decreto 1085\/2020, finalmente desde este martes<strong> los bancos tendr\u00e1n nuevo horario de atenci\u00f3n al p\u00fablico, de 8 a 13 horas.<\/strong><\/p>\n<p>&nbsp;<\/p>\n<p>Firmado por el gobernador Kicillof, <strong>el 1 de diciembre cambiar\u00e1 no s\u00f3lo el horario de apertura de las entidades bancarias p\u00fablicas, privadas y cooperativas, sino tambi\u00e9n el horario laboral de sus trabajadores: ser\u00e1 de lunes a viernes de 7.45 a 15.15 horas.<\/strong><\/p>\n<p>&nbsp;<\/p>\n<p><strong>La duraci\u00f3n de este \u201chorario de verano\u201d ser\u00e1 hasta el 4 de abril de 2021<\/strong>, momento en que se estima volver\u00e1 a lo habitual hasta hoy, que atiende al p\u00fablico de 10 a 15 horas.<\/p>\n<p>&nbsp;<\/p>\n<p>El decreto deja en claro que <strong>hubo un acuerdo con los intendentes de los distritos del territorio bonaerense, entre ellos Ezequiel Galli<\/strong>, quien mantuvo una reuni\u00f3n con Jos\u00e9 Luis Iturralde, titular de La Bancaria.<\/p>\n<p>&nbsp;<\/p>\n<p><a href=\"https:\/\/cdnoticias.com\/index.php\/2020\/11\/27\/desde-el-1-de-diciembre-habra-horario-de-verano-en-los-bancos\/\" target=\"_blank\" rel=\"noopener\">En di\u00e1logo con Central de Noticias, el propio Iturralde<\/a> catalog\u00f3 de <em>&#8220;hist\u00f3rico&#8221;<\/em> el cambio de horario que no reg\u00eda desde 1996. <strong><em>&#8220;Es un viejo anhelo de los trabajadores bancarios&#8221;<\/em><\/strong> dijo.<\/p>\n","protected":false},"excerpt":{"rendered":"<p>As\u00ed lo ratific\u00f3 el gobierno provincial mediante un decreto firmado por el gobernador Kicillof. Estar\u00e1n abiertas sus puertas desde las<\/p>\n","protected":false},"author":2,"featured_media":2757,"comment_status":"closed","ping_status":"closed","sticky":false,"template":"","format":"standard","meta":{"_jetpack_memberships_contains_paid_content":false,"footnotes":""},"categories":[5,1],"tags":[],"class_list":["post-7811","post","type-post","status-publish","format-standard","has-post-thumbnail","hentry","category-informacion-general","category-portada"],"jetpack_featured_media_url":"https:\/\/i0.wp.com\/cdnoticias.com\/wp-content\/uploads\/2020\/09\/WhatsApp-Image-2020-09-24-at-11.22.48.jpeg?fit=1032%2C774&ssl=1","jetpack_sharing_enabled":true,"_links":{"self":[{"href":"https:\/\/cdnoticias.com\/index.php\/wp-json\/wp\/v2\/posts\/7811","targetHints":{"allow":["GET"]}}],"collection":[{"href":"https:\/\/cdnoticias.com\/index.php\/wp-json\/wp\/v2\/posts"}],"about":[{"href":"https:\/\/cdnoticias.com\/index.php\/wp-json\/wp\/v2\/types\/post"}],"author":[{"embeddable":true,"href":"https:\/\/cdnoticias.com\/index.php\/wp-json\/wp\/v2\/users\/2"}],"replies":[{"embeddable":true,"href":"https:\/\/cdnoticias.com\/index.php\/wp-json\/wp\/v2\/comments?post=7811"}],"version-history":[{"count":0,"href":"https:\/\/cdnoticias.com\/index.php\/wp-json\/wp\/v2\/posts\/7811\/revisions"}],"wp:featuredmedia":[{"embeddable":true,"href":"https:\/\/cdnoticias.com\/index.php\/wp-json\/wp\/v2\/media\/2757"}],"wp:attachment":[{"href":"https:\/\/cdnoticias.com\/index.php\/wp-json\/wp\/v2\/media?parent=7811"}],"wp:term":[{"taxonomy":"category","embeddable":true,"href":"https:\/\/cdnoticias.com\/index.php\/wp-json\/wp\/v2\/categories?post=7811"},{"taxonomy":"post_tag","embeddable":true,"href":"https:\/\/cdnoticias.com\/index.php\/wp-json\/wp\/v2\/tags?post=7811"}],"curies":[{"name":"wp","href":"https:\/\/api.w.org\/{rel}","templated":true}]}}