{"id":78098,"date":"2023-03-01T09:27:57","date_gmt":"2023-03-01T12:27:57","guid":{"rendered":"https:\/\/www.centraldenoticias.com.ar\/?p=78098"},"modified":"2023-03-01T09:27:57","modified_gmt":"2023-03-01T12:27:57","slug":"se-normalizo-la-cgt-regional-bolivar-daireaux-integrada-por-17-gremios","status":"publish","type":"post","link":"https:\/\/cdnoticias.com\/index.php\/2023\/03\/01\/se-normalizo-la-cgt-regional-bolivar-daireaux-integrada-por-17-gremios\/","title":{"rendered":"Se normaliz\u00f3 la CGT Regional Bol\u00edvar \u2013 Daireaux integrada por 17 gremios"},"content":{"rendered":"<p>Fue en la sede de UTEDYC. Luis Rodr\u00edguez (UDOCBA) y Sergio C\u00f3rdoba (UPCN) componen la conducci\u00f3n. La normalizaci\u00f3n estuvo a cargo de Horacio Otero.<\/p>\n<p><!--more--><\/p>\n<hr \/>\n<p><strong>La Confederaci\u00f3n General de Trabajo Bol\u00edvar \u2013 Daireaux firm\u00f3 un acuerdo de unidad<\/strong> y un total de <strong>17 organizaciones<\/strong> se congregaron para normalizar la situaci\u00f3n de la agrupaci\u00f3n. La <strong>\u00fanica lista presentada fue la Celeste y Blanca N\u00b050<\/strong> en la cual asumieron como delegados regionales<strong> Luis Rodr\u00edguez en representaci\u00f3n de la Uni\u00f3n de Docentes de la Provincia de Buenos Aires (UDOCBA)<\/strong> y <strong>Sergio C\u00f3rdoba, secretario de la Uni\u00f3n del Personal Civil de la Naci\u00f3n (UPCN) de Daireaux<\/strong>, acompa\u00f1ados por Natalia Barrera Nicholson, como secretaria adjunta, Duilio Lanzoni como secretario gremial y Guillermo Fern\u00e1ndez en la secretar\u00eda de finanzas.<\/p>\n<p>&nbsp;<\/p>\n<p>En la sede social del Sindicato Uni\u00f3n Trabajadores de Entidades Deportivas y Civiles (UTEDYC) se realiz\u00f3 el acto de normalizaci\u00f3n de la CGT Regional Bol\u00edvar \u2013 Daireaux en la tarde del viernes 24 de febrero. El encuentro tuvo una<strong> multitud de afiliados y referentes de la regi\u00f3n que acompa\u00f1aron el encuentro<\/strong>. Entre los asistentes estuvo <strong>Horacio Otero, perteneciente a la Uni\u00f3n Obrera Metal\u00fargica, quien es Pro secretario de Interior y Coordinador Nacional de la CGT de Argentina<\/strong> y tiene a su cargo la normalizaci\u00f3n de todas las regionales el pa\u00eds.<\/p>\n<p>&nbsp;<\/p>\n<p><img data-recalc-dims=\"1\" loading=\"lazy\" decoding=\"async\" class=\"size-full wp-image-78120 aligncenter\" src=\"https:\/\/i0.wp.com\/cdnoticias.com\/wp-content\/uploads\/2023\/03\/CGT-bolivar-03.jpg?resize=800%2C373&#038;ssl=1\" alt=\"\" width=\"800\" height=\"373\" srcset=\"https:\/\/i0.wp.com\/cdnoticias.com\/wp-content\/uploads\/2023\/03\/CGT-bolivar-03.jpg?w=800&amp;ssl=1 800w, https:\/\/i0.wp.com\/cdnoticias.com\/wp-content\/uploads\/2023\/03\/CGT-bolivar-03.jpg?resize=300%2C140&amp;ssl=1 300w, https:\/\/i0.wp.com\/cdnoticias.com\/wp-content\/uploads\/2023\/03\/CGT-bolivar-03.jpg?resize=768%2C358&amp;ssl=1 768w\" sizes=\"auto, (max-width: 800px) 100vw, 800px\" \/><\/p>\n<p>&nbsp;<\/p>\n<blockquote><p>Otero expres\u00f3 \u201cEstamos cumpliendo con lo prometido por el compa\u00f1ero secretario del interior Abel Furl\u00e1n que es la federalizaci\u00f3n de la CGT en el orden nacional y estamos recuperando espacios que no estamos ocupando lo que significa llegar adonde tenemos delegaciones regionales para darle el testimonio de la legalidad y la representaci\u00f3n de la CGT\u201d.\u00a0 \u201cYo le pido a los trabajadores que se unan, tenemos que seguir trabajando para que la unidad sea total, sea \u00fanica y que el movimiento obrero se siente en la mesa de las decisiones, participe en la mesa de las decisiones de todo lo que tenga que ver con el movimiento obrero, porque los trabajadores tenemos que participar en las decisiones que nos tengan como protagonistas\u201d.<\/p><\/blockquote>\n<p>&nbsp;<\/p>\n<p><strong>Luis Rodr\u00edguez y Sergio C\u00f3rdoba<\/strong> expresaron \u201cSabemos que hay mucho por hacer, <strong>mejorar las fuentes de trabajo y el poder adquisitivo frente a la inflaci\u00f3n<\/strong>, pero lo principal es defender los derechos\u201d. \u201cCapacitaci\u00f3n y Formaci\u00f3n ser\u00e1n los pilares de la gesti\u00f3n ya que es imperiosa la formaci\u00f3n de nuevos dirigentes comprometidos con los derechos de los trabajadores\u201d a\u00f1adieron para subrayar que desde ahora \u201cla CGT ahora est\u00e1 normalizada, representada y avalada por el Ministerio de Trabajo de la Naci\u00f3n\u201d.<\/p>\n<p>&nbsp;<\/p>\n<p><img data-recalc-dims=\"1\" loading=\"lazy\" decoding=\"async\" class=\"size-full wp-image-78118 aligncenter\" src=\"https:\/\/i0.wp.com\/cdnoticias.com\/wp-content\/uploads\/2023\/03\/CGT-bolivar-01.jpg?resize=800%2C444&#038;ssl=1\" alt=\"\" width=\"800\" height=\"444\" srcset=\"https:\/\/i0.wp.com\/cdnoticias.com\/wp-content\/uploads\/2023\/03\/CGT-bolivar-01.jpg?w=800&amp;ssl=1 800w, https:\/\/i0.wp.com\/cdnoticias.com\/wp-content\/uploads\/2023\/03\/CGT-bolivar-01.jpg?resize=300%2C167&amp;ssl=1 300w, https:\/\/i0.wp.com\/cdnoticias.com\/wp-content\/uploads\/2023\/03\/CGT-bolivar-01.jpg?resize=768%2C426&amp;ssl=1 768w\" sizes=\"auto, (max-width: 800px) 100vw, 800px\" \/><\/p>\n<p>&nbsp;<\/p>\n<p>Las organizaciones que respaldaron la nueva conducci\u00f3n son:<em> UOCRA, Camioneros, S.O.E.S.G.Y.P.F., UPCN, Luz y Fuerza, UTEDYC, La Bancaria, SUEC, FATIDA, APOPS, SANIDAD, Sindicato de Obreros y Empleados de la Industria de la Carne, UTERYH, URGARA, SADOP, SOEA (Aceiteros), y UDOCBA<\/em>.<\/p>\n<p>&nbsp;<\/p>\n<p>Las<strong> nuevas autoridades conducir\u00e1n la central regional Bol\u00edvar \u2013 Daireaux<\/strong> durante los pr\u00f3ximos 4 a\u00f1os (2023 \u2013 2027) y la nueva conducci\u00f3n de la hist\u00f3rica central sindical qued\u00f3 conformada con 22 secretar\u00edas de la siguiente manera:<\/p>\n<p>&nbsp;<\/p>\n<ul>\n<li>Delegados regionales: Luis Rodr\u00edguez (UDOCBA) y Sergio C\u00f3rdoba (UPCN).<\/li>\n<li>Delegada regional adjunta: Natalia Barrera Nicholson (UTEDYC)<\/li>\n<li>Secretar\u00eda Gremial: Duilio Lanzoni (La Bancaria)<\/li>\n<li>Secretar\u00eda de Finanzas: Guillermo Fern\u00e1ndez (FAECYS)<\/li>\n<li>Secretar\u00eda de organizaci\u00f3n: Sergio Calzoni (Sindicato de choferes de Camiones)<\/li>\n<li>Secretar\u00eda Administrativa y de Actas: J\u00e9sica Mottura (UTEDYC)<\/li>\n<li>Secretar\u00eda de Educaci\u00f3n, Capacitaci\u00f3n y Formaci\u00f3n: Mar\u00eda Luz Miguez (UDOCBA)<\/li>\n<li>Secretar\u00eda de Organismos del Estado y Asuntos Municipales: Liliana Berdesegar (UPCN)<\/li>\n<li>Secretar\u00eda de Prensa y Difusi\u00f3n: Oriana Bay\u00f3n (FATIDA)<\/li>\n<li>Secretar\u00eda de Pol\u00edticas de Empleo: Pedro Guardia (FAUPPA)<\/li>\n<li>Secretar\u00eda de Deportes y Recreaci\u00f3n: Juan Mat\u00edas Fern\u00e1ndez (FAECYS)<\/li>\n<li>Secretar\u00eda de las Mujeres, G\u00e9nero, Diversidad, Violencia en el mundo del trabajo y DDHH: Mirta Rodr\u00edguez (FATERYH)<\/li>\n<li>Secretar\u00eda de Juventud y Ni\u00f1ez: Ver\u00f3nica Novillo (SADOP)<\/li>\n<li>Secretar\u00eda de Acci\u00f3n Social y Seguridad Social: Andrea Ferreyra (APOPS)<\/li>\n<li>Secretar\u00eda de Industria, Producci\u00f3n y Tecnolog\u00eda Industrial: Sergio Fern\u00e1ndez (SOEA)<\/li>\n<li>Secretar\u00eda de Pol\u00edticas Energ\u00e9ticas: Facundo Mart\u00edn (Luz y Fuerza)<\/li>\n<li>Secretar\u00eda de Turismo y Cultura: Lucas Newbery (FOESGRA)<\/li>\n<li>Secretar\u00eda de Vivienda y Estad\u00edsticas: Diego G\u00f3mez (UOCRA)<\/li>\n<li>Secretar\u00eda de Salud Laboral: Mart\u00edn Rojo (Sanidad)<\/li>\n<li>Secretar\u00eda Defensa al Consumidor: Sergio Yedro (Federaci\u00f3n de la Carne)<\/li>\n<li>Secretar\u00eda de Relaciones Institucionales: Diego Santana (URGARA)<\/li>\n<\/ul>\n<p>&nbsp;<\/p>\n<p><img data-recalc-dims=\"1\" loading=\"lazy\" decoding=\"async\" class=\"size-full wp-image-78119 aligncenter\" src=\"https:\/\/i0.wp.com\/cdnoticias.com\/wp-content\/uploads\/2023\/03\/CGT-bolivar-02.jpg?resize=800%2C450&#038;ssl=1\" alt=\"\" width=\"800\" height=\"450\" srcset=\"https:\/\/i0.wp.com\/cdnoticias.com\/wp-content\/uploads\/2023\/03\/CGT-bolivar-02.jpg?w=800&amp;ssl=1 800w, https:\/\/i0.wp.com\/cdnoticias.com\/wp-content\/uploads\/2023\/03\/CGT-bolivar-02.jpg?resize=300%2C169&amp;ssl=1 300w, https:\/\/i0.wp.com\/cdnoticias.com\/wp-content\/uploads\/2023\/03\/CGT-bolivar-02.jpg?resize=768%2C432&amp;ssl=1 768w\" sizes=\"auto, (max-width: 800px) 100vw, 800px\" \/><\/p>\n<p>&nbsp;<\/p>\n<p>Fotos: <em>Diario La Ma\u00f1ana de Bol\u00edvar<\/em><\/p>\n","protected":false},"excerpt":{"rendered":"<p>Fue en la sede de UTEDYC. Luis Rodr\u00edguez (UDOCBA) y Sergio C\u00f3rdoba (UPCN) componen la conducci\u00f3n. La normalizaci\u00f3n estuvo a<\/p>\n","protected":false},"author":4,"featured_media":78117,"comment_status":"closed","ping_status":"closed","sticky":false,"template":"","format":"standard","meta":{"_jetpack_memberships_contains_paid_content":false,"footnotes":""},"categories":[6,1],"tags":[],"class_list":["post-78098","post","type-post","status-publish","format-standard","has-post-thumbnail","hentry","category-nacionales","category-portada"],"jetpack_featured_media_url":"https:\/\/i0.wp.com\/cdnoticias.com\/wp-content\/uploads\/2023\/03\/CGT-bolivar-00.jpg?fit=800%2C451&ssl=1","jetpack_sharing_enabled":true,"_links":{"self":[{"href":"https:\/\/cdnoticias.com\/index.php\/wp-json\/wp\/v2\/posts\/78098","targetHints":{"allow":["GET"]}}],"collection":[{"href":"https:\/\/cdnoticias.com\/index.php\/wp-json\/wp\/v2\/posts"}],"about":[{"href":"https:\/\/cdnoticias.com\/index.php\/wp-json\/wp\/v2\/types\/post"}],"author":[{"embeddable":true,"href":"https:\/\/cdnoticias.com\/index.php\/wp-json\/wp\/v2\/users\/4"}],"replies":[{"embeddable":true,"href":"https:\/\/cdnoticias.com\/index.php\/wp-json\/wp\/v2\/comments?post=78098"}],"version-history":[{"count":0,"href":"https:\/\/cdnoticias.com\/index.php\/wp-json\/wp\/v2\/posts\/78098\/revisions"}],"wp:featuredmedia":[{"embeddable":true,"href":"https:\/\/cdnoticias.com\/index.php\/wp-json\/wp\/v2\/media\/78117"}],"wp:attachment":[{"href":"https:\/\/cdnoticias.com\/index.php\/wp-json\/wp\/v2\/media?parent=78098"}],"wp:term":[{"taxonomy":"category","embeddable":true,"href":"https:\/\/cdnoticias.com\/index.php\/wp-json\/wp\/v2\/categories?post=78098"},{"taxonomy":"post_tag","embeddable":true,"href":"https:\/\/cdnoticias.com\/index.php\/wp-json\/wp\/v2\/tags?post=78098"}],"curies":[{"name":"wp","href":"https:\/\/api.w.org\/{rel}","templated":true}]}}