{"id":78090,"date":"2023-03-01T09:31:48","date_gmt":"2023-03-01T12:31:48","guid":{"rendered":"https:\/\/www.centraldenoticias.com.ar\/?p=78090"},"modified":"2023-03-01T10:42:21","modified_gmt":"2023-03-01T13:42:21","slug":"las-clases-comenzaron-con-la-inauguracion-de-la-reforma-de-la-secundaria-20","status":"publish","type":"post","link":"https:\/\/cdnoticias.com\/index.php\/2023\/03\/01\/las-clases-comenzaron-con-la-inauguracion-de-la-reforma-de-la-secundaria-20\/","title":{"rendered":"Las clases comenzaron con la inauguraci\u00f3n de la reforma de la Secundaria 20"},"content":{"rendered":"<p>La obra en el edificio centenario cont\u00f3 con una inversi\u00f3n de alrededor de 45 millones de pesos. Autoridades municipales, educativas, funcionarios, estudiantes y familias formaron parte del acto. Galer\u00eda de im\u00e1genes.<\/p>\n<p><!--more--><\/p>\n<hr \/>\n<p>Este mi\u00e9rcoles se llev\u00f3 adelante el inicio al ciclo lectivo 2023 y la inauguraci\u00f3n de la ampliaci\u00f3n y reforma de la Escuela Secundaria 20 \u201cFray Romeo Musaragno\u201d, ubicada en San Martin 2053. La reforma surgi\u00f3 principalmente como<strong> necesidad de independizar los servicios y los ambientes compartidos entre la Escuela Primaria N\u00ba 4 y la Escuela Secundaria N\u00ba 20.<\/strong><\/p>\n<p>&nbsp;<\/p>\n<p>Estuvieron presentes el intendente Ezequiel Galli, el inspector Jefe Distrital Julio Ben\u00edtez, la inspectora de Escuela Secundaria Sandra Ju\u00e1rez, el director de la Secundaria 20 Leonardo Cavalieri, el presidente del Consejo Escolar Bruno Di Carlo y la presidenta del Concejo Deliberante Cecilia Krivochen.<\/p>\n<p>&nbsp;<\/p>\n<p>Asimismo fueron parte el secretario de Gobierno Hilario Galli, el secretario de Desarrollo Humano Diego Robbiani y el secretario de Obras P\u00fablicas Julio Ferraro; ex directivos de la escuela, ex autoridades educativas, el personal docente y no docente de la escuela, los estudiantes y sus familias.<\/p>\n<p>&nbsp;<\/p>\n<p><img data-recalc-dims=\"1\" loading=\"lazy\" decoding=\"async\" class=\"aligncenter size-full wp-image-78115\" src=\"https:\/\/i0.wp.com\/cdnoticias.com\/wp-content\/uploads\/2023\/03\/sec-20-inauguracion-12-scaled.jpg?resize=800%2C445&#038;ssl=1\" alt=\"\" width=\"800\" height=\"445\" srcset=\"https:\/\/i0.wp.com\/cdnoticias.com\/wp-content\/uploads\/2023\/03\/sec-20-inauguracion-12-scaled.jpg?w=2560&amp;ssl=1 2560w, https:\/\/i0.wp.com\/cdnoticias.com\/wp-content\/uploads\/2023\/03\/sec-20-inauguracion-12-scaled.jpg?resize=300%2C167&amp;ssl=1 300w, https:\/\/i0.wp.com\/cdnoticias.com\/wp-content\/uploads\/2023\/03\/sec-20-inauguracion-12-scaled.jpg?resize=1024%2C569&amp;ssl=1 1024w, https:\/\/i0.wp.com\/cdnoticias.com\/wp-content\/uploads\/2023\/03\/sec-20-inauguracion-12-scaled.jpg?resize=768%2C427&amp;ssl=1 768w, https:\/\/i0.wp.com\/cdnoticias.com\/wp-content\/uploads\/2023\/03\/sec-20-inauguracion-12-scaled.jpg?resize=1536%2C854&amp;ssl=1 1536w, https:\/\/i0.wp.com\/cdnoticias.com\/wp-content\/uploads\/2023\/03\/sec-20-inauguracion-12-scaled.jpg?resize=2048%2C1139&amp;ssl=1 2048w, https:\/\/i0.wp.com\/cdnoticias.com\/wp-content\/uploads\/2023\/03\/sec-20-inauguracion-12-scaled.jpg?resize=800%2C445&amp;ssl=1 800w, https:\/\/i0.wp.com\/cdnoticias.com\/wp-content\/uploads\/2023\/03\/sec-20-inauguracion-12-scaled.jpg?w=1600&amp;ssl=1 1600w, https:\/\/i0.wp.com\/cdnoticias.com\/wp-content\/uploads\/2023\/03\/sec-20-inauguracion-12-scaled.jpg?w=2400&amp;ssl=1 2400w\" sizes=\"auto, (max-width: 800px) 100vw, 800px\" \/><\/p>\n<p>&nbsp;<\/p>\n<p><strong>La obra nueva ocupa una superficie de 213 metros cuadrados en la planta baja e igual dimensi\u00f3n en la planta alta<\/strong>, adem\u00e1s se suma la ejecuci\u00f3n de un ba\u00f1o para personas con movilidad reducida adyacente a los ba\u00f1os existentes. Forman parte de la nueva obra el hall de acceso, la secretar\u00eda, la direcci\u00f3n, la sala de profesores, las dos cocinas (una para cada escuela), biblioteca, preceptor\u00eda y dep\u00f3sito. En la planta alta se construyeron tres salones y una de las aulas existentes se destin\u00f3 para el laboratorio.<\/p>\n<p>&nbsp;<\/p>\n<p>Entre los puntos m\u00e1s importantes del proyecto de obra,<strong> se realiz\u00f3 la instalaci\u00f3n el\u00e9ctrica completamente, con nuevos circuitos de tomacorrientes y de iluminaci\u00f3n.<\/strong> De este modo, se independiz\u00f3 el servicio el\u00e9ctrico entre ambas escuelas, de la misma manera, se desarrollaron nuevas conexiones de gas y agua, con esta misma finalidad.<\/p>\n<p>&nbsp;<\/p>\n<p><img data-recalc-dims=\"1\" loading=\"lazy\" decoding=\"async\" class=\"aligncenter size-full wp-image-78114\" src=\"https:\/\/i0.wp.com\/cdnoticias.com\/wp-content\/uploads\/2023\/03\/sec-20-inauguracion-11-scaled.jpg?resize=800%2C445&#038;ssl=1\" alt=\"\" width=\"800\" height=\"445\" srcset=\"https:\/\/i0.wp.com\/cdnoticias.com\/wp-content\/uploads\/2023\/03\/sec-20-inauguracion-11-scaled.jpg?w=2560&amp;ssl=1 2560w, https:\/\/i0.wp.com\/cdnoticias.com\/wp-content\/uploads\/2023\/03\/sec-20-inauguracion-11-scaled.jpg?resize=300%2C167&amp;ssl=1 300w, https:\/\/i0.wp.com\/cdnoticias.com\/wp-content\/uploads\/2023\/03\/sec-20-inauguracion-11-scaled.jpg?resize=1024%2C570&amp;ssl=1 1024w, https:\/\/i0.wp.com\/cdnoticias.com\/wp-content\/uploads\/2023\/03\/sec-20-inauguracion-11-scaled.jpg?resize=768%2C427&amp;ssl=1 768w, https:\/\/i0.wp.com\/cdnoticias.com\/wp-content\/uploads\/2023\/03\/sec-20-inauguracion-11-scaled.jpg?resize=1536%2C854&amp;ssl=1 1536w, https:\/\/i0.wp.com\/cdnoticias.com\/wp-content\/uploads\/2023\/03\/sec-20-inauguracion-11-scaled.jpg?resize=2048%2C1139&amp;ssl=1 2048w, https:\/\/i0.wp.com\/cdnoticias.com\/wp-content\/uploads\/2023\/03\/sec-20-inauguracion-11-scaled.jpg?resize=800%2C445&amp;ssl=1 800w, https:\/\/i0.wp.com\/cdnoticias.com\/wp-content\/uploads\/2023\/03\/sec-20-inauguracion-11-scaled.jpg?w=1600&amp;ssl=1 1600w, https:\/\/i0.wp.com\/cdnoticias.com\/wp-content\/uploads\/2023\/03\/sec-20-inauguracion-11-scaled.jpg?w=2400&amp;ssl=1 2400w\" sizes=\"auto, (max-width: 800px) 100vw, 800px\" \/><\/p>\n<p>&nbsp;<\/p>\n<p>En lo que refiere a <strong>equipamiento<\/strong>, se incorpor\u00f3 una cocina industrial, diecisiete calefactores de distinta capacidad, aberturas de aluminio color blanco, mesadas de granito para cocina y ba\u00f1os, bachas, dos mesas de trabajo de acero inoxidable, bajo mesadas y alacenas, dos heladeras, dos termotanques el\u00e9ctricos.<\/p>\n<p>&nbsp;<\/p>\n<blockquote><p>La escuela cuenta con 340 alumnos que junto con los anexos de Las Piedritas y el Paraje La Moderna suman 400 estudiantes.<\/p><\/blockquote>\n<p>&nbsp;<\/p>\n<p><img data-recalc-dims=\"1\" loading=\"lazy\" decoding=\"async\" class=\"aligncenter size-full wp-image-78113\" src=\"https:\/\/i0.wp.com\/cdnoticias.com\/wp-content\/uploads\/2023\/03\/sec-20-inauguracion-10-scaled.jpg?resize=800%2C445&#038;ssl=1\" alt=\"\" width=\"800\" height=\"445\" srcset=\"https:\/\/i0.wp.com\/cdnoticias.com\/wp-content\/uploads\/2023\/03\/sec-20-inauguracion-10-scaled.jpg?w=2560&amp;ssl=1 2560w, https:\/\/i0.wp.com\/cdnoticias.com\/wp-content\/uploads\/2023\/03\/sec-20-inauguracion-10-scaled.jpg?resize=300%2C167&amp;ssl=1 300w, https:\/\/i0.wp.com\/cdnoticias.com\/wp-content\/uploads\/2023\/03\/sec-20-inauguracion-10-scaled.jpg?resize=1024%2C570&amp;ssl=1 1024w, https:\/\/i0.wp.com\/cdnoticias.com\/wp-content\/uploads\/2023\/03\/sec-20-inauguracion-10-scaled.jpg?resize=768%2C427&amp;ssl=1 768w, https:\/\/i0.wp.com\/cdnoticias.com\/wp-content\/uploads\/2023\/03\/sec-20-inauguracion-10-scaled.jpg?resize=1536%2C855&amp;ssl=1 1536w, https:\/\/i0.wp.com\/cdnoticias.com\/wp-content\/uploads\/2023\/03\/sec-20-inauguracion-10-scaled.jpg?resize=2048%2C1140&amp;ssl=1 2048w, https:\/\/i0.wp.com\/cdnoticias.com\/wp-content\/uploads\/2023\/03\/sec-20-inauguracion-10-scaled.jpg?resize=800%2C445&amp;ssl=1 800w, https:\/\/i0.wp.com\/cdnoticias.com\/wp-content\/uploads\/2023\/03\/sec-20-inauguracion-10-scaled.jpg?w=1600&amp;ssl=1 1600w, https:\/\/i0.wp.com\/cdnoticias.com\/wp-content\/uploads\/2023\/03\/sec-20-inauguracion-10-scaled.jpg?w=2400&amp;ssl=1 2400w\" sizes=\"auto, (max-width: 800px) 100vw, 800px\" \/><\/p>\n<p>&nbsp;<\/p>\n<p>Se descubri\u00f3 una placa inaugural en el inicio formal del acto, poco antes de las 8 de este mi\u00e9rcoles, en la fachada del edificio. Luego se hizo el corte de cintas. <strong>Tras los aplausos y la emoci\u00f3n, todos ingresaron al edificio. <\/strong><\/p>\n<p>&nbsp;<\/p>\n<p>En el patio de la escuela se desarroll\u00f3 la siguiente parte del acto con las palabras del <strong>director del establecimiento Leo Cavalieri, el intendente Ezequiel Galli y el Jefe de Educaci\u00f3n Distrital Julio Ben\u00edtez.\u00a0<\/strong><\/p>\n<p>&nbsp;<\/p>\n<p>[soliloquy id=&#8221;78123&#8243;]<\/p>\n<p>&nbsp;<\/p>\n","protected":false},"excerpt":{"rendered":"<p>La obra en el edificio centenario cont\u00f3 con una inversi\u00f3n de alrededor de 45 millones de pesos. Autoridades municipales, educativas,<\/p>\n","protected":false},"author":4,"featured_media":78112,"comment_status":"closed","ping_status":"closed","sticky":false,"template":"","format":"standard","meta":{"_jetpack_memberships_contains_paid_content":false,"footnotes":""},"categories":[5,1],"tags":[],"class_list":["post-78090","post","type-post","status-publish","format-standard","has-post-thumbnail","hentry","category-informacion-general","category-portada"],"jetpack_featured_media_url":"https:\/\/i0.wp.com\/cdnoticias.com\/wp-content\/uploads\/2023\/03\/sec-20-inauguracion-09-scaled.jpg?fit=2560%2C1424&ssl=1","jetpack_sharing_enabled":true,"_links":{"self":[{"href":"https:\/\/cdnoticias.com\/index.php\/wp-json\/wp\/v2\/posts\/78090","targetHints":{"allow":["GET"]}}],"collection":[{"href":"https:\/\/cdnoticias.com\/index.php\/wp-json\/wp\/v2\/posts"}],"about":[{"href":"https:\/\/cdnoticias.com\/index.php\/wp-json\/wp\/v2\/types\/post"}],"author":[{"embeddable":true,"href":"https:\/\/cdnoticias.com\/index.php\/wp-json\/wp\/v2\/users\/4"}],"replies":[{"embeddable":true,"href":"https:\/\/cdnoticias.com\/index.php\/wp-json\/wp\/v2\/comments?post=78090"}],"version-history":[{"count":0,"href":"https:\/\/cdnoticias.com\/index.php\/wp-json\/wp\/v2\/posts\/78090\/revisions"}],"wp:featuredmedia":[{"embeddable":true,"href":"https:\/\/cdnoticias.com\/index.php\/wp-json\/wp\/v2\/media\/78112"}],"wp:attachment":[{"href":"https:\/\/cdnoticias.com\/index.php\/wp-json\/wp\/v2\/media?parent=78090"}],"wp:term":[{"taxonomy":"category","embeddable":true,"href":"https:\/\/cdnoticias.com\/index.php\/wp-json\/wp\/v2\/categories?post=78090"},{"taxonomy":"post_tag","embeddable":true,"href":"https:\/\/cdnoticias.com\/index.php\/wp-json\/wp\/v2\/tags?post=78090"}],"curies":[{"name":"wp","href":"https:\/\/api.w.org\/{rel}","templated":true}]}}