{"id":78084,"date":"2023-02-28T22:01:07","date_gmt":"2023-03-01T01:01:07","guid":{"rendered":"https:\/\/www.centraldenoticias.com.ar\/?p=78084"},"modified":"2023-02-28T22:24:52","modified_gmt":"2023-03-01T01:24:52","slug":"renuncio-el-titular-del-area-de-catastro-del-municipio","status":"publish","type":"post","link":"https:\/\/cdnoticias.com\/index.php\/2023\/02\/28\/renuncio-el-titular-del-area-de-catastro-del-municipio\/","title":{"rendered":"Renunci\u00f3 el titular del \u00e1rea de Catastro del Municipio"},"content":{"rendered":"<p>Se trata de Axel Porcel, quien se ir\u00e1 en los pr\u00f3ximos d\u00edas de la funci\u00f3n p\u00fablica por razones personales.<!--more--><\/p>\n<hr \/>\n<p>Confirmado por autoridades municipales este martes,<strong> el titular del \u00e1rea de Catastro Municipal, Axel Porcel, present\u00f3 su renuncia al cargo y dejar\u00e1 la funci\u00f3n p\u00fablica en los pr\u00f3ximos d\u00edas.<\/strong><\/p>\n<p>&nbsp;<\/p>\n<p>Seg\u00fan se explic\u00f3 desde el Municipio,<strong> el funcionario seguir\u00e1 su carrera en el \u00e1mbito privado y una oportunidad laboral deriv\u00f3 en su salida en la que fue catalogada como \u201cen muy buenos t\u00e9rminos\u201d.<\/strong><\/p>\n<p>&nbsp;<\/p>\n<p>A su vez, se indic\u00f3 que la salida estaba pautada desde hace varias semanas por la oportunidad personal que le surgi\u00f3 a Porcel.<\/p>\n<p>&nbsp;<\/p>\n<p>El \u00e1rea tendr\u00e1 una nueva titular, y se indic\u00f3 que ser\u00e1<strong> la agrimensora Pierina Di Tomasso.<\/strong><\/p>\n","protected":false},"excerpt":{"rendered":"<p>Se trata de Axel Porcel, quien se ir\u00e1 en los pr\u00f3ximos d\u00edas de la funci\u00f3n p\u00fablica por razones personales.<\/p>\n","protected":false},"author":2,"featured_media":78085,"comment_status":"closed","ping_status":"closed","sticky":false,"template":"","format":"standard","meta":{"_jetpack_memberships_contains_paid_content":false,"footnotes":""},"categories":[5,1],"tags":[],"class_list":["post-78084","post","type-post","status-publish","format-standard","has-post-thumbnail","hentry","category-informacion-general","category-portada"],"jetpack_featured_media_url":"https:\/\/i0.wp.com\/cdnoticias.com\/wp-content\/uploads\/2023\/02\/porcel-catastro.jpg?fit=353%2C288&ssl=1","jetpack_sharing_enabled":true,"_links":{"self":[{"href":"https:\/\/cdnoticias.com\/index.php\/wp-json\/wp\/v2\/posts\/78084","targetHints":{"allow":["GET"]}}],"collection":[{"href":"https:\/\/cdnoticias.com\/index.php\/wp-json\/wp\/v2\/posts"}],"about":[{"href":"https:\/\/cdnoticias.com\/index.php\/wp-json\/wp\/v2\/types\/post"}],"author":[{"embeddable":true,"href":"https:\/\/cdnoticias.com\/index.php\/wp-json\/wp\/v2\/users\/2"}],"replies":[{"embeddable":true,"href":"https:\/\/cdnoticias.com\/index.php\/wp-json\/wp\/v2\/comments?post=78084"}],"version-history":[{"count":0,"href":"https:\/\/cdnoticias.com\/index.php\/wp-json\/wp\/v2\/posts\/78084\/revisions"}],"wp:featuredmedia":[{"embeddable":true,"href":"https:\/\/cdnoticias.com\/index.php\/wp-json\/wp\/v2\/media\/78085"}],"wp:attachment":[{"href":"https:\/\/cdnoticias.com\/index.php\/wp-json\/wp\/v2\/media?parent=78084"}],"wp:term":[{"taxonomy":"category","embeddable":true,"href":"https:\/\/cdnoticias.com\/index.php\/wp-json\/wp\/v2\/categories?post=78084"},{"taxonomy":"post_tag","embeddable":true,"href":"https:\/\/cdnoticias.com\/index.php\/wp-json\/wp\/v2\/tags?post=78084"}],"curies":[{"name":"wp","href":"https:\/\/api.w.org\/{rel}","templated":true}]}}