{"id":78055,"date":"2023-03-02T17:05:49","date_gmt":"2023-03-02T20:05:49","guid":{"rendered":"https:\/\/www.centraldenoticias.com.ar\/?p=78055"},"modified":"2023-03-02T17:05:49","modified_gmt":"2023-03-02T20:05:49","slug":"politicas-de-genero-nueva-convocatoria-a-los-grupos-de-ayuda-mutua","status":"publish","type":"post","link":"https:\/\/cdnoticias.com\/index.php\/2023\/03\/02\/politicas-de-genero-nueva-convocatoria-a-los-grupos-de-ayuda-mutua\/","title":{"rendered":"Pol\u00edticas de G\u00e9nero: nueva convocatoria a los Grupos de Ayuda Mutua"},"content":{"rendered":"<p>La convocatoria est\u00e1 destinada a mujeres que hayan atravesado situaciones de violencia por motivos de g\u00e9nero.<!--more--><\/p>\n<hr \/>\n<p>La<strong> Direcci\u00f3n de Pol\u00edticas de G\u00e9nero<\/strong> anunci\u00f3 este lunes una <strong>nueva convocatoria<\/strong> a los GAM &#8211;<strong>Grupos de Ayuda Mutua<\/strong>&#8211; destinado a<strong> mujeres que hayan atravesado situaciones de violencia por motivos de g\u00e9nero.<\/strong><\/p>\n<p>&nbsp;<\/p>\n<p>&#8220;Los grupos que inician este jueves, son coordinados por profesionales del equipo de abordaje de la DPG y surgen ante la necesidad de abordar las violencias de manera integral y con un enfoque colectivo, en territorio, desde la perspectiva de g\u00e9nero y el enfoque de derechos&#8221; se indic\u00f3. Pueden participar de ellos <strong>todas las mujeres que lo deseen, hayan acudido o no con anterioridad a la Direcci\u00f3n de Pol\u00edticas de G\u00e9nero.<\/strong><\/p>\n<p>&nbsp;<\/p>\n<p>&#8220;Los GAM renuevan la apuesta de la Direcci\u00f3n hacia la descentralizaci\u00f3n del dispositivo de atenci\u00f3n en sede, con una propuesta de diez encuentros, con periodicidad semanal con cada grupo en territorio. Al inicio, se facilitar\u00e1 un <strong>espacio de entrevistas individuales previas a la incorporaci\u00f3n al grupo<\/strong> y la diagramaci\u00f3n de los encuentros en turnos que buscan ajustarse a las necesidades de las participantes&#8221; agregaron.<\/p>\n<p>&nbsp;<\/p>\n<p>Para m\u00e1s informaci\u00f3n, comunicarse a los tel\u00e9fonos de Pol\u00edticas de G\u00e9nero: <strong>417400 \u2013 411588<\/strong>, de <strong>lunes a viernes de 7 a 13 horas<\/strong>, por <strong>WhatsApp al 2284- 583337<\/strong> o acercarse a la sede de <strong>San Mart\u00edn 1106<\/strong> para recibir asesoramiento personalizado.<\/p>\n","protected":false},"excerpt":{"rendered":"<p>La convocatoria est\u00e1 destinada a mujeres que hayan atravesado situaciones de violencia por motivos de g\u00e9nero.<\/p>\n","protected":false},"author":6,"featured_media":52753,"comment_status":"closed","ping_status":"closed","sticky":false,"template":"","format":"standard","meta":{"_jetpack_memberships_contains_paid_content":false,"footnotes":""},"categories":[3,1],"tags":[],"class_list":["post-78055","post","type-post","status-publish","format-standard","has-post-thumbnail","hentry","category-genero","category-portada"],"jetpack_featured_media_url":"https:\/\/i0.wp.com\/cdnoticias.com\/wp-content\/uploads\/2022\/04\/Fachada-Politicas-de-Genero-1024x682-1.jpg?fit=1024%2C682&ssl=1","jetpack_sharing_enabled":true,"_links":{"self":[{"href":"https:\/\/cdnoticias.com\/index.php\/wp-json\/wp\/v2\/posts\/78055","targetHints":{"allow":["GET"]}}],"collection":[{"href":"https:\/\/cdnoticias.com\/index.php\/wp-json\/wp\/v2\/posts"}],"about":[{"href":"https:\/\/cdnoticias.com\/index.php\/wp-json\/wp\/v2\/types\/post"}],"author":[{"embeddable":true,"href":"https:\/\/cdnoticias.com\/index.php\/wp-json\/wp\/v2\/users\/6"}],"replies":[{"embeddable":true,"href":"https:\/\/cdnoticias.com\/index.php\/wp-json\/wp\/v2\/comments?post=78055"}],"version-history":[{"count":0,"href":"https:\/\/cdnoticias.com\/index.php\/wp-json\/wp\/v2\/posts\/78055\/revisions"}],"wp:featuredmedia":[{"embeddable":true,"href":"https:\/\/cdnoticias.com\/index.php\/wp-json\/wp\/v2\/media\/52753"}],"wp:attachment":[{"href":"https:\/\/cdnoticias.com\/index.php\/wp-json\/wp\/v2\/media?parent=78055"}],"wp:term":[{"taxonomy":"category","embeddable":true,"href":"https:\/\/cdnoticias.com\/index.php\/wp-json\/wp\/v2\/categories?post=78055"},{"taxonomy":"post_tag","embeddable":true,"href":"https:\/\/cdnoticias.com\/index.php\/wp-json\/wp\/v2\/tags?post=78055"}],"curies":[{"name":"wp","href":"https:\/\/api.w.org\/{rel}","templated":true}]}}