{"id":78051,"date":"2023-02-28T19:01:03","date_gmt":"2023-02-28T22:01:03","guid":{"rendered":"https:\/\/www.centraldenoticias.com.ar\/?p=78051"},"modified":"2023-02-28T19:01:03","modified_gmt":"2023-02-28T22:01:03","slug":"se-desarrollo-el-acto-protocolar-por-el-211o-aniversario-de-la-creacion-de-la-bandera","status":"publish","type":"post","link":"https:\/\/cdnoticias.com\/index.php\/2023\/02\/28\/se-desarrollo-el-acto-protocolar-por-el-211o-aniversario-de-la-creacion-de-la-bandera\/","title":{"rendered":"Se desarroll\u00f3 el acto protocolar por el 211\u00ba Aniversario de la Creaci\u00f3n de la Bandera"},"content":{"rendered":"<p>Se llev\u00f3 a cabo en la tarde de este lunes y la jornada fue presidida por el Secretario de Gobierno Hilario Galli.<!--more--><\/p>\n<hr \/>\n<p>Este lunes por la tarde se llev\u00f3 a cabo el <strong>acto protocolar en ocasi\u00f3n de cumplirse 211 a\u00f1os de la Creaci\u00f3n de la Bandera<\/strong>. La jornada fue presidida por el Secretario de Gobierno <strong>Hilario Galli.<\/strong> El punto de encuentro para su realizaci\u00f3n fue la Plaza Belgrano (Azopardo y Rivadavia).<\/p>\n<p>&nbsp;<\/p>\n<p>El acto cont\u00f3 con la participaci\u00f3n de la presidente del HCD Cecilia Krivochen, autoridades del Regimiento de caballer\u00eda de tanques 2 y el escuadr\u00f3n de ingenieros blindado 1.<\/p>\n<p>&nbsp;<\/p>\n<p>Tambi\u00e9n formaron parte del evento referentes del Consejo Escolar, de las Asociaciones Culturales Belgraniana y Sanmartiniana, dem\u00e1s secretarios, subsecretarios, directores y autoridades municipales, concejales, representantes de las fuerzas de seguridad, autoridades educativas, inspectores jefes regionales y distrital, personal del cuerpo de bomberos voluntarios de Olavarr\u00eda; y comunidad en general.<\/p>\n<p>&nbsp;<\/p>\n<p>El acto comprendi\u00f3 la entonaci\u00f3n de las estrofas del<strong> Himno Nacional Argentino,<\/strong> tras lo cual se efectu\u00f3 la invocaci\u00f3n religiosa por parte del padre Enrique Germade. Seguidamente, brind\u00f3 palabras alusivas Rito Germ\u00e1n L\u00f3pez, representante de la Asociaci\u00f3n Cultural Belgraniana. El evento culmin\u00f3 con el arr\u00edo de la ense\u00f1a patria.<\/p>\n<p>&nbsp;<\/p>\n","protected":false},"excerpt":{"rendered":"<p>Se llev\u00f3 a cabo en la tarde de este lunes y la jornada fue presidida por el Secretario de Gobierno<\/p>\n","protected":false},"author":6,"featured_media":78052,"comment_status":"closed","ping_status":"closed","sticky":false,"template":"","format":"standard","meta":{"_jetpack_memberships_contains_paid_content":false,"footnotes":""},"categories":[5,1],"tags":[],"class_list":["post-78051","post","type-post","status-publish","format-standard","has-post-thumbnail","hentry","category-informacion-general","category-portada"],"jetpack_featured_media_url":"https:\/\/i0.wp.com\/cdnoticias.com\/wp-content\/uploads\/2023\/02\/Acto-Belgrano-Aniversario-Creacion-Bandera-1-scaled-1.jpg?fit=2560%2C1711&ssl=1","jetpack_sharing_enabled":true,"_links":{"self":[{"href":"https:\/\/cdnoticias.com\/index.php\/wp-json\/wp\/v2\/posts\/78051","targetHints":{"allow":["GET"]}}],"collection":[{"href":"https:\/\/cdnoticias.com\/index.php\/wp-json\/wp\/v2\/posts"}],"about":[{"href":"https:\/\/cdnoticias.com\/index.php\/wp-json\/wp\/v2\/types\/post"}],"author":[{"embeddable":true,"href":"https:\/\/cdnoticias.com\/index.php\/wp-json\/wp\/v2\/users\/6"}],"replies":[{"embeddable":true,"href":"https:\/\/cdnoticias.com\/index.php\/wp-json\/wp\/v2\/comments?post=78051"}],"version-history":[{"count":0,"href":"https:\/\/cdnoticias.com\/index.php\/wp-json\/wp\/v2\/posts\/78051\/revisions"}],"wp:featuredmedia":[{"embeddable":true,"href":"https:\/\/cdnoticias.com\/index.php\/wp-json\/wp\/v2\/media\/78052"}],"wp:attachment":[{"href":"https:\/\/cdnoticias.com\/index.php\/wp-json\/wp\/v2\/media?parent=78051"}],"wp:term":[{"taxonomy":"category","embeddable":true,"href":"https:\/\/cdnoticias.com\/index.php\/wp-json\/wp\/v2\/categories?post=78051"},{"taxonomy":"post_tag","embeddable":true,"href":"https:\/\/cdnoticias.com\/index.php\/wp-json\/wp\/v2\/tags?post=78051"}],"curies":[{"name":"wp","href":"https:\/\/api.w.org\/{rel}","templated":true}]}}