{"id":78035,"date":"2023-02-28T17:56:51","date_gmt":"2023-02-28T20:56:51","guid":{"rendered":"https:\/\/www.centraldenoticias.com.ar\/?p=78035"},"modified":"2023-03-01T08:44:51","modified_gmt":"2023-03-01T11:44:51","slug":"upd-las-fiestas-donde-no-haya-mayores-adultos-responsables-van-a-ser-clausuradas","status":"publish","type":"post","link":"https:\/\/cdnoticias.com\/index.php\/2023\/02\/28\/upd-las-fiestas-donde-no-haya-mayores-adultos-responsables-van-a-ser-clausuradas\/","title":{"rendered":"UPD: &#8220;Las fiestas donde no haya mayores adultos responsables van a ser clausuradas&#8221;"},"content":{"rendered":"<p>As\u00ed lo asegur\u00f3 Mario Busto, subsecretario de Seguridad municipal, ante un nuevo &#8220;\u00daltimo Primer D\u00eda&#8221; de las escuelas secundarias. <!--more--><\/p>\n<hr \/>\n<p>Este martes por la noche comienzan las fiestas ante un <strong>&#8220;\u00daltimo Primer D\u00eda&#8221;<\/strong> (UPD) de los egresados de todas las <strong>escuelas secundarias de Olavarr\u00eda.<\/strong><\/p>\n<p>&nbsp;<\/p>\n<p>Ante este evento, se realizar\u00e1 un<strong> gran operativo policial en la ciudad y en las quintas<\/strong> donde se agrupar\u00e1n j\u00f3venes para festejar su &#8220;UPD&#8221;.<\/p>\n<p>&nbsp;<\/p>\n<p><em><strong>Central de Noticias<\/strong><\/em> dialog\u00f3 con<strong> Mario Busto,<\/strong> subsecretario de Seguridad municipal, quien expres\u00f3 que &#8220;<em><strong>ya tenemos todo dispuesto para esta noche. Si bien no dejamos de lado los barrios que venimos recorriendo en la ciudad, este viernes reforzamos para controlar las quintas que componen el partido. Tenemos localizadas 6 quintas que van a hacer fiestas y vamos a concurrir a todas&#8221;.<\/strong><\/em><\/p>\n<p>&nbsp;<\/p>\n<blockquote><p>En relaci\u00f3n a esto \u00faltimo, Busto asegur\u00f3 que &#8220;las fiestas donde no haya mayores adultos responsables, van a ser clausuradas. Llamaremos a los padres para que vengan a retirar a los chicos y los que no sean retirados los vamos a acompa\u00f1ar hasta dentro de la ciudad para que no ocurran inconvenientes&#8221;.<\/p><\/blockquote>\n<p>&nbsp;<\/p>\n<p>Adem\u00e1s de las quintas, el operativo continuar\u00e1 en el <strong>Parque Mitre,<\/strong> donde los estudiantes se juntar\u00e1n a la madrugada antes de ingresar a las instituciones. <em><strong>&#8220;Estuve hablando con el jefe de la Comisaria Primera que va a tener gente dispuesta y tambi\u00e9n va estar personal de Narc\u00f3ticos y DDI&#8221;<\/strong><\/em> cont\u00f3 Busto.<\/p>\n<p>&nbsp;<\/p>\n<p><strong><em>&#8220;Calculamos que vamos a ser en total unas 30 personas. Empezamos a trabajar a las 21 horas recorriendo y viendo los objetivos que tenemos marcados para visitar y monitoreando. En las localidades el operativo lo hace la polic\u00eda del lugar, en caso de que nos requieran, va a salir un m\u00f3vil con un inspector<\/em><\/strong>&#8221; se\u00f1al\u00f3 el subsecretario de Seguridad municipal.<\/p>\n<p>&nbsp;<\/p>\n<p>Por \u00faltimo, Busto cerr\u00f3: <em>&#8220;El a\u00f1o pasado estuvo muy bien organizado en la mayor\u00eda de los casos. Estuvieron presentes los padres y ellos mismos contrataron micros para ir a la quinta y acompa\u00f1aron a los hijos a la vuelta, hasta el Parque Mitre. Sali\u00f3 todo perfecto&#8221;.<\/em><\/p>\n","protected":false},"excerpt":{"rendered":"<p>As\u00ed lo asegur\u00f3 Mario Busto, subsecretario de Seguridad municipal, ante un nuevo &#8220;\u00daltimo Primer D\u00eda&#8221; de las escuelas secundarias.<\/p>\n","protected":false},"author":6,"featured_media":68516,"comment_status":"closed","ping_status":"closed","sticky":false,"template":"","format":"standard","meta":{"_jetpack_memberships_contains_paid_content":false,"footnotes":""},"categories":[5,1],"tags":[],"class_list":["post-78035","post","type-post","status-publish","format-standard","has-post-thumbnail","hentry","category-informacion-general","category-portada"],"jetpack_featured_media_url":"https:\/\/i0.wp.com\/cdnoticias.com\/wp-content\/uploads\/2022\/10\/busto-mario.jpg?fit=1589%2C954&ssl=1","jetpack_sharing_enabled":true,"_links":{"self":[{"href":"https:\/\/cdnoticias.com\/index.php\/wp-json\/wp\/v2\/posts\/78035","targetHints":{"allow":["GET"]}}],"collection":[{"href":"https:\/\/cdnoticias.com\/index.php\/wp-json\/wp\/v2\/posts"}],"about":[{"href":"https:\/\/cdnoticias.com\/index.php\/wp-json\/wp\/v2\/types\/post"}],"author":[{"embeddable":true,"href":"https:\/\/cdnoticias.com\/index.php\/wp-json\/wp\/v2\/users\/6"}],"replies":[{"embeddable":true,"href":"https:\/\/cdnoticias.com\/index.php\/wp-json\/wp\/v2\/comments?post=78035"}],"version-history":[{"count":0,"href":"https:\/\/cdnoticias.com\/index.php\/wp-json\/wp\/v2\/posts\/78035\/revisions"}],"wp:featuredmedia":[{"embeddable":true,"href":"https:\/\/cdnoticias.com\/index.php\/wp-json\/wp\/v2\/media\/68516"}],"wp:attachment":[{"href":"https:\/\/cdnoticias.com\/index.php\/wp-json\/wp\/v2\/media?parent=78035"}],"wp:term":[{"taxonomy":"category","embeddable":true,"href":"https:\/\/cdnoticias.com\/index.php\/wp-json\/wp\/v2\/categories?post=78035"},{"taxonomy":"post_tag","embeddable":true,"href":"https:\/\/cdnoticias.com\/index.php\/wp-json\/wp\/v2\/tags?post=78035"}],"curies":[{"name":"wp","href":"https:\/\/api.w.org\/{rel}","templated":true}]}}