{"id":78030,"date":"2023-02-28T17:31:11","date_gmt":"2023-02-28T20:31:11","guid":{"rendered":"https:\/\/www.centraldenoticias.com.ar\/?p=78030"},"modified":"2023-02-28T17:31:11","modified_gmt":"2023-02-28T20:31:11","slug":"unidad-27-internos-se-capacitaran-en-primeros-auxilios-y-rcp","status":"publish","type":"post","link":"https:\/\/cdnoticias.com\/index.php\/2023\/02\/28\/unidad-27-internos-se-capacitaran-en-primeros-auxilios-y-rcp\/","title":{"rendered":"Unidad 27: internos se capacitar\u00e1n en Primeros auxilios y RCP"},"content":{"rendered":"<p>&#8220;El objetivo de esta actividad es que los internos de la Unidad cuenten con saberes y conocimiento para atender situaciones de emergencia&#8221; se expres\u00f3. <!--more--><\/p>\n<hr \/>\n<p>En el marco de las capacitaciones que se brindan en el <strong>Servicio Penitenciario Bonaerense<\/strong> (SPB), este jueves se inici\u00f3 un taller de Laborterapia de <strong>Primeros Auxilios y RCP<\/strong> dirigido a los privados de su libertad alojados en la <strong>Unidad 27 Sierra Chica.<\/strong><\/p>\n<p>&nbsp;<\/p>\n<p>En este caso las capacitaciones estar\u00e1n a cargo de Martin G.<strong> instructor de emergencias,<\/strong> quien durante un mes capacitar\u00e1 alrededor de<strong> 30 de sus pares divididos en dos grupos.<\/strong><\/p>\n<p>&nbsp;<\/p>\n<p>&#8220;El objetivo de esta actividad es que<strong> los internos de la Unidad cuenten con saberes y conocimiento para atender situaciones de emergencia<\/strong> en cualquier momento de su vida y promover el aprendizaje de nuevas maneras de solidarizarse con los dem\u00e1s dentro y fuera del \u00e1mbito carcelario&#8221; se expres\u00f3.<\/p>\n<p>&nbsp;<\/p>\n<p><em>\u201cLa mayor parte de las personas privadas de su libertad, disponen de poca experiencia laboral previa a su ingreso al sistema carcelario. Desde este tipo de capacitaciones, se apunta como objetivo principal brindar herramientas a trav\u00e9s de cursos Formales y No Formales, que les permita ser instruido\u201d<\/em> cerr\u00f3 la Coordinadora A\/C de Formaci\u00f3n T\u00e9cnica y Oficio Alcaide Mayor (E.G) Priscila Nieva.<\/p>\n","protected":false},"excerpt":{"rendered":"<p>&#8220;El objetivo de esta actividad es que los internos de la Unidad cuenten con saberes y conocimiento para atender situaciones<\/p>\n","protected":false},"author":6,"featured_media":78031,"comment_status":"closed","ping_status":"closed","sticky":false,"template":"","format":"standard","meta":{"_jetpack_memberships_contains_paid_content":false,"footnotes":""},"categories":[5,1],"tags":[],"class_list":["post-78030","post","type-post","status-publish","format-standard","has-post-thumbnail","hentry","category-informacion-general","category-portada"],"jetpack_featured_media_url":"https:\/\/i0.wp.com\/cdnoticias.com\/wp-content\/uploads\/2023\/02\/unidad-27-curso-de-RCP.jpg?fit=1600%2C976&ssl=1","jetpack_sharing_enabled":true,"_links":{"self":[{"href":"https:\/\/cdnoticias.com\/index.php\/wp-json\/wp\/v2\/posts\/78030","targetHints":{"allow":["GET"]}}],"collection":[{"href":"https:\/\/cdnoticias.com\/index.php\/wp-json\/wp\/v2\/posts"}],"about":[{"href":"https:\/\/cdnoticias.com\/index.php\/wp-json\/wp\/v2\/types\/post"}],"author":[{"embeddable":true,"href":"https:\/\/cdnoticias.com\/index.php\/wp-json\/wp\/v2\/users\/6"}],"replies":[{"embeddable":true,"href":"https:\/\/cdnoticias.com\/index.php\/wp-json\/wp\/v2\/comments?post=78030"}],"version-history":[{"count":0,"href":"https:\/\/cdnoticias.com\/index.php\/wp-json\/wp\/v2\/posts\/78030\/revisions"}],"wp:featuredmedia":[{"embeddable":true,"href":"https:\/\/cdnoticias.com\/index.php\/wp-json\/wp\/v2\/media\/78031"}],"wp:attachment":[{"href":"https:\/\/cdnoticias.com\/index.php\/wp-json\/wp\/v2\/media?parent=78030"}],"wp:term":[{"taxonomy":"category","embeddable":true,"href":"https:\/\/cdnoticias.com\/index.php\/wp-json\/wp\/v2\/categories?post=78030"},{"taxonomy":"post_tag","embeddable":true,"href":"https:\/\/cdnoticias.com\/index.php\/wp-json\/wp\/v2\/tags?post=78030"}],"curies":[{"name":"wp","href":"https:\/\/api.w.org\/{rel}","templated":true}]}}