{"id":78023,"date":"2023-02-28T17:00:49","date_gmt":"2023-02-28T20:00:49","guid":{"rendered":"https:\/\/www.centraldenoticias.com.ar\/?p=78023"},"modified":"2023-02-28T17:00:49","modified_gmt":"2023-02-28T20:00:49","slug":"senasa-desarrolla-un-operativo-en-azul-tras-la-deteccion-de-gripe-aviar","status":"publish","type":"post","link":"https:\/\/cdnoticias.com\/index.php\/2023\/02\/28\/senasa-desarrolla-un-operativo-en-azul-tras-la-deteccion-de-gripe-aviar\/","title":{"rendered":"Senasa desarrolla un operativo en Azul tras la detecci\u00f3n de gripe aviar"},"content":{"rendered":"<p>El coordinador de Sanidad Animal de Senasa, Javier Viana, detall\u00f3 que se proceder\u00e1 al sacrificio de las aves que han estado en contacto con los animales positivos. Tambi\u00e9n se har\u00e1 un rastreo de los campos en 10 kil\u00f3metros a la redonda.<\/p>\n<p><!--more--><\/p>\n<hr \/>\n<p><strong>El Servicio Nacional de Sanidad y Calidad Agroalimentaria (Senasa) confirm\u00f3 en Azul el domingo un caso positivo de influenza aviar (IA) H5<\/strong> en aves de traspatio. <a href=\"https:\/\/cdnoticias.com\/index.php\/2023\/02\/27\/se-detecto-un-caso-positivo-de-gripe-aviar-en-azul\/\" target=\"_blank\" rel=\"noopener\">Fue en un establecimiento dedicado a la cr\u00eda de gallinas.<\/a><\/p>\n<p>&nbsp;<\/p>\n<p>Tras la confirmaci\u00f3n,<strong> agentes del Centro Regional Buenos Aires Sur del Senasa, efectuar\u00e1n este martes en el vecino distrito un operativo sanitario<\/strong>.\u00a0El<strong> coordinador de Sanidad Animal de Senasa, Javier Viana<\/strong>, habl\u00f3 con Diario El Tiempo para explicar que &#8220;en estos casos lo m\u00e1s importante es poder realizar las tareas correspondientes sobre el foco de la enfermedad que se ha detectado en ese sector de la ciudad\u201d.<\/p>\n<p>&nbsp;<\/p>\n<blockquote><p>As\u00ed indic\u00f3 que este martes se desarrollar\u00e1n esas tareas: \u201cen el \u00e1rea focal, que b\u00e1sicamente consta del sacrificio de las aves que han estado en contacto con los animales positivos y despu\u00e9s se hace un rastreo de los campos vecinos que llega hasta los diez kil\u00f3metros del punto donde se detect\u00f3 la enfermedad\u201d.<\/p><\/blockquote>\n<p>&nbsp;<\/p>\n<p>El despliegue contar\u00e1 con intervenci\u00f3n del personal de Senasa. Ser\u00e1n <strong>una decena de empleados, quienes trabajan con equipos descartables los cuales se eliminan una vez finalizado el operativo<\/strong>. Adem\u00e1s, colaborar\u00e1 la Municipalidad de Azul \u201cpara realizar la fosa de sacrificio donde tienen que quedar enterrados los animales. Despu\u00e9s de enterrados se le tira cal viva y despu\u00e9s se vuelve a tapar todo, quedando m\u00e1s o menos a una profundidad de un metro m\u00ednimo sobre la superficie de la tierra\u201d detall\u00f3 Viana.<\/p>\n<p>&nbsp;<\/p>\n<p>Por otro lado, y buscando llevar tranquilidad a la ciudadan\u00eda expres\u00f3:<strong> \u201cLa poblaci\u00f3n debe mantenerse tranquila porque esta situaci\u00f3n no los afecta,<\/strong> porque tanto el consumo de carne aviar como los huevos no hacen nada ni trasmiten la enfermedad y por ende estos productos no ponen en riesgo a la salud p\u00fablica\u201d.<\/p>\n<p>&nbsp;<\/p>\n<p>M\u00e1s adelante Viana remarc\u00f3 que <strong>es muy baja la morbilidad que puede haber del ave infectada al humano<\/strong> y record\u00f3: &#8220;Igualmente hay que prestar mucha atenci\u00f3n y saber que de trasmitirse es por contacto directo al manipular las aves que puedan estar moribundas o muertas. Por eso aconsejamos que <strong>aquellos que vean alg\u00fan animal con alguna sintomatolog\u00eda diferente a un ave normal que den aviso al Senasa<\/strong> a trav\u00e9s de algunas de las l\u00edneas que existen&#8221;.<\/p>\n<p>&nbsp;<\/p>\n<p>La Regional Buenos Aires Sur del Senasa tambi\u00e9n intervino<strong> en Puan y San Cayetano<\/strong>, donde se detect\u00f3 gripe aviar la semana pasada.<\/p>\n<p>&nbsp;<\/p>\n<blockquote><p>\u201cArgentina es pa\u00eds libre de esta enfermedad y las aves migratorias son las que generan el contagio. Por eso lo fundamental es que no entre a los galpones comerciales tanto de postura de huevos como de carne. Y de hecho la mayor\u00eda de las grandes granjas tienen una alta bioseguridad y ahora las han reforzado mucho m\u00e1s\u201d destac\u00f3 el coordinador del Senasa.<\/p><\/blockquote>\n<p>&nbsp;<\/p>\n<p>Fuente: <em>Diario El Tiempo<\/em><\/p>\n<blockquote class=\"wp-embedded-content\" data-secret=\"f4WCy8nhL6\"><p><a href=\"https:\/\/cdnoticias.com\/index.php\/2023\/02\/24\/primeros-casos-de-gripe-aviar-la-provincia-emitio-recomendaciones\/\">Primeros casos de gripe aviar: la Provincia emiti\u00f3 recomendaciones<\/a><\/p><\/blockquote>\n<p><iframe loading=\"lazy\" class=\"wp-embedded-content\" sandbox=\"allow-scripts\" security=\"restricted\" style=\"position: absolute; clip: rect(1px, 1px, 1px, 1px);\" title=\"&#8220;Primeros casos de gripe aviar: la Provincia emiti\u00f3 recomendaciones&#8221; &#8212; Central de Noticias | Olavarr\u00eda\" src=\"https:\/\/cdnoticias.com\/index.php\/2023\/02\/24\/primeros-casos-de-gripe-aviar-la-provincia-emitio-recomendaciones\/embed\/#?secret=MdwO6aPKU5#?secret=f4WCy8nhL6\" data-secret=\"f4WCy8nhL6\" width=\"600\" height=\"338\" frameborder=\"0\" marginwidth=\"0\" marginheight=\"0\" scrolling=\"no\"><\/iframe><\/p>\n<p>&nbsp;<\/p>\n","protected":false},"excerpt":{"rendered":"<p>El coordinador de Sanidad Animal de Senasa, Javier Viana, detall\u00f3 que se proceder\u00e1 al sacrificio de las aves que han<\/p>\n","protected":false},"author":4,"featured_media":78024,"comment_status":"closed","ping_status":"closed","sticky":false,"template":"","format":"standard","meta":{"_jetpack_memberships_contains_paid_content":false,"footnotes":""},"categories":[6,1],"tags":[],"class_list":["post-78023","post","type-post","status-publish","format-standard","has-post-thumbnail","hentry","category-nacionales","category-portada"],"jetpack_featured_media_url":"https:\/\/i0.wp.com\/cdnoticias.com\/wp-content\/uploads\/2023\/02\/El-Tiempo-gripe-aviar1.jpg?fit=800%2C450&ssl=1","jetpack_sharing_enabled":true,"_links":{"self":[{"href":"https:\/\/cdnoticias.com\/index.php\/wp-json\/wp\/v2\/posts\/78023","targetHints":{"allow":["GET"]}}],"collection":[{"href":"https:\/\/cdnoticias.com\/index.php\/wp-json\/wp\/v2\/posts"}],"about":[{"href":"https:\/\/cdnoticias.com\/index.php\/wp-json\/wp\/v2\/types\/post"}],"author":[{"embeddable":true,"href":"https:\/\/cdnoticias.com\/index.php\/wp-json\/wp\/v2\/users\/4"}],"replies":[{"embeddable":true,"href":"https:\/\/cdnoticias.com\/index.php\/wp-json\/wp\/v2\/comments?post=78023"}],"version-history":[{"count":0,"href":"https:\/\/cdnoticias.com\/index.php\/wp-json\/wp\/v2\/posts\/78023\/revisions"}],"wp:featuredmedia":[{"embeddable":true,"href":"https:\/\/cdnoticias.com\/index.php\/wp-json\/wp\/v2\/media\/78024"}],"wp:attachment":[{"href":"https:\/\/cdnoticias.com\/index.php\/wp-json\/wp\/v2\/media?parent=78023"}],"wp:term":[{"taxonomy":"category","embeddable":true,"href":"https:\/\/cdnoticias.com\/index.php\/wp-json\/wp\/v2\/categories?post=78023"},{"taxonomy":"post_tag","embeddable":true,"href":"https:\/\/cdnoticias.com\/index.php\/wp-json\/wp\/v2\/tags?post=78023"}],"curies":[{"name":"wp","href":"https:\/\/api.w.org\/{rel}","templated":true}]}}