{"id":7802,"date":"2020-11-30T10:11:19","date_gmt":"2020-11-30T13:11:19","guid":{"rendered":"http:\/\/www.centraldenoticias.com.ar\/?p=7802"},"modified":"2020-11-30T10:17:33","modified_gmt":"2020-11-30T13:17:33","slug":"borracho-choco-contra-un-arbol-y-le-secuestraron-el-auto","status":"publish","type":"post","link":"https:\/\/cdnoticias.com\/index.php\/2020\/11\/30\/borracho-choco-contra-un-arbol-y-le-secuestraron-el-auto\/","title":{"rendered":"Borracho, choc\u00f3 contra un \u00e1rbol y le secuestraron el auto"},"content":{"rendered":"<p>El hecho se produjo en las primeras horas del domingo, pero trascendi\u00f3 este lunes por la ma\u00f1ana.<!--more--><\/p>\n<hr \/>\n<p>Informado por el Comando de Patrullas Olavarr\u00eda, <strong>un hombre en estado de ebriedad choc\u00f3 contra un \u00e1rbol y le secuestraron el auto por infraccionar la Ley 24.449.<\/strong><\/p>\n<p>&nbsp;<\/p>\n<blockquote><p>Cabe se\u00f1alar que hubo operativos de prevenci\u00f3n en distintos puntos de la ciudad durante el fin de semana.<\/p><\/blockquote>\n<p>&nbsp;<\/p>\n<p>All\u00ed, se procedi\u00f3 a secuestrar dos autos, <strong>uno de ellos un Chevrolet Corsa que hab\u00eda chocado contra un \u00e1rbol minutos antes en la zona de Pueblo Nuevo.<\/strong><\/p>\n<p>&nbsp;<\/p>\n<p>Adem\u00e1s,<strong> secuestraron dos motocicletas tambi\u00e9n por cometer diversas infracciones vinculadas a la alcoholemia y falta de diversa documentaci\u00f3n vehicular.<\/strong><\/p>\n<p>&nbsp;<\/p>\n<p>La totalidad de los veh\u00edculos fueron trasladados al Corral\u00f3n Municipal y <strong>las actuaciones y los veh\u00edculos quedaron a disposici\u00f3n del Juzgado de Faltas Local.<\/strong><\/p>\n","protected":false},"excerpt":{"rendered":"<p>El hecho se produjo en las primeras horas del domingo, pero trascendi\u00f3 este lunes por la ma\u00f1ana.<\/p>\n","protected":false},"author":2,"featured_media":7804,"comment_status":"closed","ping_status":"closed","sticky":false,"template":"","format":"standard","meta":{"_jetpack_memberships_contains_paid_content":false,"footnotes":""},"categories":[14,1],"tags":[],"class_list":["post-7802","post","type-post","status-publish","format-standard","has-post-thumbnail","hentry","category-policiales","category-portada"],"jetpack_featured_media_url":"https:\/\/i0.wp.com\/cdnoticias.com\/wp-content\/uploads\/2020\/11\/WhatsApp-Image-2020-11-30-at-08.06.02.jpg?fit=941%2C527&ssl=1","jetpack_sharing_enabled":true,"_links":{"self":[{"href":"https:\/\/cdnoticias.com\/index.php\/wp-json\/wp\/v2\/posts\/7802","targetHints":{"allow":["GET"]}}],"collection":[{"href":"https:\/\/cdnoticias.com\/index.php\/wp-json\/wp\/v2\/posts"}],"about":[{"href":"https:\/\/cdnoticias.com\/index.php\/wp-json\/wp\/v2\/types\/post"}],"author":[{"embeddable":true,"href":"https:\/\/cdnoticias.com\/index.php\/wp-json\/wp\/v2\/users\/2"}],"replies":[{"embeddable":true,"href":"https:\/\/cdnoticias.com\/index.php\/wp-json\/wp\/v2\/comments?post=7802"}],"version-history":[{"count":0,"href":"https:\/\/cdnoticias.com\/index.php\/wp-json\/wp\/v2\/posts\/7802\/revisions"}],"wp:featuredmedia":[{"embeddable":true,"href":"https:\/\/cdnoticias.com\/index.php\/wp-json\/wp\/v2\/media\/7804"}],"wp:attachment":[{"href":"https:\/\/cdnoticias.com\/index.php\/wp-json\/wp\/v2\/media?parent=7802"}],"wp:term":[{"taxonomy":"category","embeddable":true,"href":"https:\/\/cdnoticias.com\/index.php\/wp-json\/wp\/v2\/categories?post=7802"},{"taxonomy":"post_tag","embeddable":true,"href":"https:\/\/cdnoticias.com\/index.php\/wp-json\/wp\/v2\/tags?post=7802"}],"curies":[{"name":"wp","href":"https:\/\/api.w.org\/{rel}","templated":true}]}}