{"id":78015,"date":"2023-02-28T10:36:11","date_gmt":"2023-02-28T13:36:11","guid":{"rendered":"https:\/\/www.centraldenoticias.com.ar\/?p=78015"},"modified":"2023-02-28T11:54:16","modified_gmt":"2023-02-28T14:54:16","slug":"volvio-el-calor-alerta-amarillo-por-altas-temperaturas-en-olavarria","status":"publish","type":"post","link":"https:\/\/cdnoticias.com\/index.php\/2023\/02\/28\/volvio-el-calor-alerta-amarillo-por-altas-temperaturas-en-olavarria\/","title":{"rendered":"Volvi\u00f3 el calor: alerta \u201camarillo\u201d por altas temperaturas en Olavarr\u00eda"},"content":{"rendered":"<p>Para la jornada de este martes se espera una m\u00e1xima de 34\u00b0. El resto de la semana se mantiene con temperaturas por encima de los 30\u00b0.<!--more--><\/p>\n<hr \/>\n<p>El verano volvi\u00f3 con todo. El Servicio Meteorol\u00f3gico Nacional (SMN) emiti\u00f3<strong> alertas por altas temperaturas<\/strong> para localidades de provincias de Neuqu\u00e9n, Mendoza, San Luis, La Pampa, Buenos Aires, Corrientes, Entre R\u00edos, Santiago del Estero, C\u00f3rdoba, Santa Fe y la ciudad de Buenos Aires.<\/p>\n<p>&nbsp;<\/p>\n<p>En <strong>Olavarr\u00eda<\/strong> rige una<strong> advertencia color \u201camarillo\u201d<\/strong> que indica que las temperaturas pueden tener un efecto leve a moderado en la salud, pero pueden ser peligrosas para los grupos de riesgo, como ni\u00f1os y ni\u00f1as, personas mayores de 65 a\u00f1os, con enfermedades cr\u00f3nicas.<\/p>\n<blockquote><p>&nbsp;<\/p>\n<p>Para la jornada de este <strong>martes<\/strong>, la temperatura m\u00e1xima prevista es de 34\u00b0. Sin embargo, no ser\u00e1 el \u00fanico d\u00eda de calor agobiante, ya que el resto de la semana se anticipa con temperaturas que no bajan de los 30\u00b0.<\/p>\n<p>&nbsp;<\/p><\/blockquote>\n<p>Es as\u00ed, que el <strong>mi\u00e9rcoles<\/strong> la temperatura m\u00ednima ser\u00e1 de 19\u00b0 y <strong>la m\u00e1xima de 33\u00b0<\/strong> con probabilidad de lluvias aisladas durante la ma\u00f1ana y cielo parcialmente nublado durante la tarde.<\/p>\n<p>&nbsp;<\/p>\n<p>El <strong>jueves y viernes<\/strong> la temperatura m\u00e1xima alcanzar\u00e1 los <strong>31\u00b0<\/strong>, con cielo algo nublado. En tanto el <strong>s\u00e1bado y domingo<\/strong> las condiciones ser\u00e1n id\u00e9nticas: <strong>la m\u00ednima se ubicar\u00e1 en los 19\u00b0 y la m\u00e1xima en los 32\u00b0.<\/strong><\/p>\n","protected":false},"excerpt":{"rendered":"<p>Para la jornada de este martes se espera una m\u00e1xima de 34\u00b0. El resto de la semana se mantiene con<\/p>\n","protected":false},"author":5,"featured_media":34834,"comment_status":"closed","ping_status":"closed","sticky":false,"template":"","format":"standard","meta":{"_jetpack_memberships_contains_paid_content":false,"footnotes":""},"categories":[5,1],"tags":[],"class_list":["post-78015","post","type-post","status-publish","format-standard","has-post-thumbnail","hentry","category-informacion-general","category-portada"],"jetpack_featured_media_url":"https:\/\/i0.wp.com\/cdnoticias.com\/wp-content\/uploads\/2021\/10\/5a58ba6916a831515764329.jpg?fit=2199%2C1381&ssl=1","jetpack_sharing_enabled":true,"_links":{"self":[{"href":"https:\/\/cdnoticias.com\/index.php\/wp-json\/wp\/v2\/posts\/78015","targetHints":{"allow":["GET"]}}],"collection":[{"href":"https:\/\/cdnoticias.com\/index.php\/wp-json\/wp\/v2\/posts"}],"about":[{"href":"https:\/\/cdnoticias.com\/index.php\/wp-json\/wp\/v2\/types\/post"}],"author":[{"embeddable":true,"href":"https:\/\/cdnoticias.com\/index.php\/wp-json\/wp\/v2\/users\/5"}],"replies":[{"embeddable":true,"href":"https:\/\/cdnoticias.com\/index.php\/wp-json\/wp\/v2\/comments?post=78015"}],"version-history":[{"count":0,"href":"https:\/\/cdnoticias.com\/index.php\/wp-json\/wp\/v2\/posts\/78015\/revisions"}],"wp:featuredmedia":[{"embeddable":true,"href":"https:\/\/cdnoticias.com\/index.php\/wp-json\/wp\/v2\/media\/34834"}],"wp:attachment":[{"href":"https:\/\/cdnoticias.com\/index.php\/wp-json\/wp\/v2\/media?parent=78015"}],"wp:term":[{"taxonomy":"category","embeddable":true,"href":"https:\/\/cdnoticias.com\/index.php\/wp-json\/wp\/v2\/categories?post=78015"},{"taxonomy":"post_tag","embeddable":true,"href":"https:\/\/cdnoticias.com\/index.php\/wp-json\/wp\/v2\/tags?post=78015"}],"curies":[{"name":"wp","href":"https:\/\/api.w.org\/{rel}","templated":true}]}}