{"id":77987,"date":"2023-03-25T09:51:56","date_gmt":"2023-03-25T12:51:56","guid":{"rendered":"https:\/\/www.centraldenoticias.com.ar\/?p=77987"},"modified":"2023-03-25T09:51:56","modified_gmt":"2023-03-25T12:51:56","slug":"se-viene-la-primera-edicion-del-ano-de-mercado-olavarriense","status":"publish","type":"post","link":"https:\/\/cdnoticias.com\/index.php\/2023\/03\/25\/se-viene-la-primera-edicion-del-ano-de-mercado-olavarriense\/","title":{"rendered":"Se viene la primera edici\u00f3n del a\u00f1o de \u201cMercado Olavarriense\u201d"},"content":{"rendered":"<article class=\"featured-article m-has-thumb article-6\">\n<div class=\"article-core\">\n<div class=\"article-excerpt\">\n<p>Ser\u00e1 el pr\u00f3ximo domingo 2 de abril, en el parque Helios Eseverri donde ser\u00e1 protagonista la oferta emprendedora local.<\/p>\n<\/div>\n<\/div>\n<\/article>\n<p><!--more--><\/p>\n<hr \/>\n<p>El pr\u00f3ximo<strong> domingo 2 de abril<\/strong> se llevar\u00e1 a cabo la<strong> primera edici\u00f3n del a\u00f1o de &#8220;Mercado Olavarriense&#8221;.<\/strong> Tendr\u00e1 lugar en el <strong>parque Helios Eseverri<\/strong>, donde <strong>desde las 11 y hasta las 19 horas<\/strong> se ofrecer\u00e1 una gran variedad de productos locales.<\/p>\n<p>&nbsp;<\/p>\n<p>&#8220;El <strong>\u201cMercado Olavarriense\u201d<\/strong> se trata de una propuesta integral que posee como principal objetivo mejorar la visualizaci\u00f3n y comunicaci\u00f3n de la <strong>oferta emprendedora local.<\/strong> En ese sentido, los objetivos espec\u00edficos que se persiguen son &#8220;fomentar e impulsar la actividad emprendedora, promover la mejora de la competitividad del sector, acceder a un canal de comercializaci\u00f3n directo para productos y servicios y contribuir a la mejora de capacidades comerciales de los emprendedores&#8221; se indic\u00f3.<\/p>\n<p>&nbsp;<\/p>\n<p>En los puestos se podr\u00e1 encontrar frutas, verduras, hortalizas, pasteler\u00eda artesanal, panificados, budines, alfajores, dulces y mermeladas, huevos de campo, miel, licores, licuados, arom\u00e1ticas, cactus, artesan\u00edas en general, entre otros.<\/p>\n<p>&nbsp;<\/p>\n<p>Por consultas, dirigirse a la sede de la Secretar\u00eda de Desarrollo Econ\u00f3mico, ubicada en Moreno 2765, comunicarse telef\u00f3nicamente al 422135\/195 o por correo electr\u00f3nico a economia.social@olavarria.gov.ar<\/p>\n<p>&nbsp;<\/p>\n","protected":false},"excerpt":{"rendered":"<p>Ser\u00e1 el pr\u00f3ximo domingo 2 de abril, en el parque Helios Eseverri donde ser\u00e1 protagonista la oferta emprendedora local.<\/p>\n","protected":false},"author":6,"featured_media":33023,"comment_status":"closed","ping_status":"closed","sticky":false,"template":"","format":"standard","meta":{"_jetpack_memberships_contains_paid_content":false,"footnotes":""},"categories":[5,1],"tags":[],"class_list":["post-77987","post","type-post","status-publish","format-standard","has-post-thumbnail","hentry","category-informacion-general","category-portada"],"jetpack_featured_media_url":"https:\/\/i0.wp.com\/cdnoticias.com\/wp-content\/uploads\/2021\/09\/DE-Mercado-Olavarriense-2-1024x768.jpeg?fit=1024%2C768&ssl=1","jetpack_sharing_enabled":true,"_links":{"self":[{"href":"https:\/\/cdnoticias.com\/index.php\/wp-json\/wp\/v2\/posts\/77987","targetHints":{"allow":["GET"]}}],"collection":[{"href":"https:\/\/cdnoticias.com\/index.php\/wp-json\/wp\/v2\/posts"}],"about":[{"href":"https:\/\/cdnoticias.com\/index.php\/wp-json\/wp\/v2\/types\/post"}],"author":[{"embeddable":true,"href":"https:\/\/cdnoticias.com\/index.php\/wp-json\/wp\/v2\/users\/6"}],"replies":[{"embeddable":true,"href":"https:\/\/cdnoticias.com\/index.php\/wp-json\/wp\/v2\/comments?post=77987"}],"version-history":[{"count":0,"href":"https:\/\/cdnoticias.com\/index.php\/wp-json\/wp\/v2\/posts\/77987\/revisions"}],"wp:featuredmedia":[{"embeddable":true,"href":"https:\/\/cdnoticias.com\/index.php\/wp-json\/wp\/v2\/media\/33023"}],"wp:attachment":[{"href":"https:\/\/cdnoticias.com\/index.php\/wp-json\/wp\/v2\/media?parent=77987"}],"wp:term":[{"taxonomy":"category","embeddable":true,"href":"https:\/\/cdnoticias.com\/index.php\/wp-json\/wp\/v2\/categories?post=77987"},{"taxonomy":"post_tag","embeddable":true,"href":"https:\/\/cdnoticias.com\/index.php\/wp-json\/wp\/v2\/tags?post=77987"}],"curies":[{"name":"wp","href":"https:\/\/api.w.org\/{rel}","templated":true}]}}