{"id":77981,"date":"2023-02-27T19:03:28","date_gmt":"2023-02-27T22:03:28","guid":{"rendered":"https:\/\/www.centraldenoticias.com.ar\/?p=77981"},"modified":"2023-02-27T19:03:28","modified_gmt":"2023-02-27T22:03:28","slug":"seguimos-escuchando-a-los-vecinos-para-abordar-las-demandas-de-olavarria","status":"publish","type":"post","link":"https:\/\/cdnoticias.com\/index.php\/2023\/02\/27\/seguimos-escuchando-a-los-vecinos-para-abordar-las-demandas-de-olavarria\/","title":{"rendered":"\u201cSeguimos escuchando a los vecinos para abordar las demandas de Olavarr\u00eda\u201d"},"content":{"rendered":"<p>As\u00ed lo afirm\u00f3 Eduardo Rodr\u00edguez, referente del Foro Olavarr\u00eda &#8211; Frente Renovador en el Frente de Todos, tras una reuni\u00f3n con vecinos.<!--more--><\/p>\n<hr \/>\n<p>El pasado viernes por la tarde, <strong>Eduardo Rodr\u00edguez <\/strong>encabez\u00f3 una<strong> reuni\u00f3n con vecinos<\/strong> en la Casa Eduardo \u201cChino\u201d Correa, sede oficial del Foro Olavarr\u00eda &#8211; Frente Renovador, &#8220;<em><strong>para escuchar y abordar los problemas que preocupan a los olavarrienses&#8221;. <\/strong><\/em>Adem\u00e1s, participaron la concejala<strong> In\u00e9s Creimer<\/strong> y el concejal <strong>Gast\u00f3n Sarachu.\u00a0<\/strong><\/p>\n<p>&nbsp;<\/p>\n<p><em><strong>\u201cSeguimos escuchando a los vecinos y reuni\u00e9ndonos para charlar sobre las demandas y problemas que tiene nuestra ciudad y para proponer un conjunto propuestas al servicio de la comunidad\u201d<\/strong><\/em>, indic\u00f3 el referente del Foro Olavarr\u00eda &#8211; Frente Renovador en el Frente de Todos, <strong>Eduardo Rodr\u00edguez.<\/strong><\/p>\n<p>&nbsp;<\/p>\n<p><strong><em>\u201cEntre los temas tratados abordamos la falta de empleo y, tambi\u00e9n, las demandas de capacitaci\u00f3n y formaci\u00f3n para distintos trabajos\u201d<\/em><\/strong>, se\u00f1al\u00f3 Rodr\u00edguez.<\/p>\n<p>&nbsp;<\/p>\n<p><img data-recalc-dims=\"1\" loading=\"lazy\" decoding=\"async\" class=\"aligncenter wp-image-77982 size-full\" src=\"https:\/\/i0.wp.com\/cdnoticias.com\/wp-content\/uploads\/2023\/02\/Rodriguez-reunion-vecinos-1.jpg?resize=800%2C500&#038;ssl=1\" alt=\"\" width=\"800\" height=\"500\" srcset=\"https:\/\/i0.wp.com\/cdnoticias.com\/wp-content\/uploads\/2023\/02\/Rodriguez-reunion-vecinos-1.jpg?w=800&amp;ssl=1 800w, https:\/\/i0.wp.com\/cdnoticias.com\/wp-content\/uploads\/2023\/02\/Rodriguez-reunion-vecinos-1.jpg?resize=300%2C188&amp;ssl=1 300w, https:\/\/i0.wp.com\/cdnoticias.com\/wp-content\/uploads\/2023\/02\/Rodriguez-reunion-vecinos-1.jpg?resize=768%2C480&amp;ssl=1 768w\" sizes=\"auto, (max-width: 800px) 100vw, 800px\" \/><\/p>\n<p>&nbsp;<\/p>\n<p>&#8220;En ese marco, se destac\u00f3 la implementaci\u00f3n del programa Potenciar Trabajo Cooperar, herramienta de empleabilidad y desarrollo social que se ofrece desde el a\u00f1o 2020, en plena pandemia, y la cual cuenta con 46 titulares de los cuales 26 realizan trabajos de mantenimiento en un predio no operativo de Trenes Argentinos, ubicado en Amparo Castro y V\u00e9lez Sarsfield&#8221; se indic\u00f3.<\/p>\n<p>&nbsp;<\/p>\n<p>En el mismo sentido, se invit\u00f3 a todas las personas presentes a participar de la capacitaci\u00f3n de FONCAP <strong>\u201cMejor\u00e1 tu emprendimiento\u201d,<\/strong> la cual Rodr\u00edguez defini\u00f3 como \u201c<em>una gran oportunidad para emprendedores, vecinos y vecinas de la ciudad de adquirir conocimientos s\u00f3lidos sobre c\u00f3mo gestionar proyectos productivos\u201d.<\/em> La jornada tendr\u00e1 lugar el d\u00eda mi\u00e9rcoles 9 de marzo a las 18 horas en el sal\u00f3n de AOMA, ubicado en la calle Alsina 2556.<\/p>\n<p>&nbsp;<\/p>\n<p>\u201cInvitamos a aquellas personas que deseen participar y sumar su aporte con ideas y propuestas para mejorar la calidad de vida de los olavarrienses\u201d, cerr\u00f3 Eduardo Rodr\u00edguez.<\/p>\n<p>&nbsp;<\/p>\n<p>Para obtener m\u00e1s informaci\u00f3n sobre el Foro Olavarr\u00eda &#8211; Frente Renovador\u00a0 se pueden acercar a la Casa Eduardo \u201cChino\u201d Correa, ubicada en Belgrano 3222, de lunes a viernes de 9:00 a 13:00 o comunicarse mediante las siguientes v\u00edas:<\/p>\n<p>P\u00e1gina Web: www.foroolavarria.org<\/p>\n<p>E-Mail: foroolavarria@gmail.com<\/p>\n<p>Tel\u00e9fono: 2284 554873<\/p>\n","protected":false},"excerpt":{"rendered":"<p>As\u00ed lo afirm\u00f3 Eduardo Rodr\u00edguez, referente del Foro Olavarr\u00eda &#8211; Frente Renovador en el Frente de Todos, tras una reuni\u00f3n<\/p>\n","protected":false},"author":6,"featured_media":77983,"comment_status":"closed","ping_status":"closed","sticky":false,"template":"","format":"standard","meta":{"_jetpack_memberships_contains_paid_content":false,"footnotes":""},"categories":[4,1],"tags":[],"class_list":["post-77981","post","type-post","status-publish","format-standard","has-post-thumbnail","hentry","category-politica","category-portada"],"jetpack_featured_media_url":"https:\/\/i0.wp.com\/cdnoticias.com\/wp-content\/uploads\/2023\/02\/Rodriguez-reunion-vecinos.jpg?fit=800%2C500&ssl=1","jetpack_sharing_enabled":true,"_links":{"self":[{"href":"https:\/\/cdnoticias.com\/index.php\/wp-json\/wp\/v2\/posts\/77981","targetHints":{"allow":["GET"]}}],"collection":[{"href":"https:\/\/cdnoticias.com\/index.php\/wp-json\/wp\/v2\/posts"}],"about":[{"href":"https:\/\/cdnoticias.com\/index.php\/wp-json\/wp\/v2\/types\/post"}],"author":[{"embeddable":true,"href":"https:\/\/cdnoticias.com\/index.php\/wp-json\/wp\/v2\/users\/6"}],"replies":[{"embeddable":true,"href":"https:\/\/cdnoticias.com\/index.php\/wp-json\/wp\/v2\/comments?post=77981"}],"version-history":[{"count":0,"href":"https:\/\/cdnoticias.com\/index.php\/wp-json\/wp\/v2\/posts\/77981\/revisions"}],"wp:featuredmedia":[{"embeddable":true,"href":"https:\/\/cdnoticias.com\/index.php\/wp-json\/wp\/v2\/media\/77983"}],"wp:attachment":[{"href":"https:\/\/cdnoticias.com\/index.php\/wp-json\/wp\/v2\/media?parent=77981"}],"wp:term":[{"taxonomy":"category","embeddable":true,"href":"https:\/\/cdnoticias.com\/index.php\/wp-json\/wp\/v2\/categories?post=77981"},{"taxonomy":"post_tag","embeddable":true,"href":"https:\/\/cdnoticias.com\/index.php\/wp-json\/wp\/v2\/tags?post=77981"}],"curies":[{"name":"wp","href":"https:\/\/api.w.org\/{rel}","templated":true}]}}