{"id":77974,"date":"2023-02-27T17:14:01","date_gmt":"2023-02-27T20:14:01","guid":{"rendered":"https:\/\/www.centraldenoticias.com.ar\/?p=77974"},"modified":"2023-02-28T07:59:37","modified_gmt":"2023-02-28T10:59:37","slug":"arrancaron-oficialmente-las-negociaciones-paritarias-con-los-trabajadores-municipales","status":"publish","type":"post","link":"https:\/\/cdnoticias.com\/index.php\/2023\/02\/27\/arrancaron-oficialmente-las-negociaciones-paritarias-con-los-trabajadores-municipales\/","title":{"rendered":"Arrancaron oficialmente las negociaciones paritarias con los trabajadores municipales"},"content":{"rendered":"<p>Fue en una reuni\u00f3n en el mediod\u00eda de este lunes: Jos\u00e9 Stuppia anticip\u00f3 por la ma\u00f1ana que solicitar\u00e1n \u201cun 100% de aumento\u201d. Por lo pronto, programaron un nuevo encuentro. <!--more--><\/p>\n<hr \/>\n<p>En el mediod\u00eda de este lunes, <strong>autoridades municipales e integrantes del Sindicato de Trabajadores Municipales dieron comienzo a las negociaciones paritarias del 2023<\/strong>, con un acercamiento tras la protesta del gremio y con el <strong>anticipo de que solicitar\u00e1n un 100% de suba salarial.<\/strong><\/p>\n<p>&nbsp;<\/p>\n<p>El encuentro se desarroll\u00f3 en el Sal\u00f3n Blanco de la Municipalidad y <strong>participaron las dos principales referencias de la negociaci\u00f3n, el Intendente Galli y el Secretario General sindical, Jos\u00e9 Stuppia.<\/strong> Tambi\u00e9n estuvieron los secretarios de Econom\u00eda y Hacienda Eugenia Bezzoni; de Gobierno Hilario Galli, de Desarrollo Humano y Calidad de Vida Diego Robbiani y de Salud Germ\u00e1n Caputo; el subsecretario de Legal y T\u00e9cnica Marcelo Pablo Fabbi, la directora de Personal Cintia Acosta y representantes de todos los agrupamientos de trabajadores comunales tales como profesionales, t\u00e9cnicos, administrativos, obreros y de servicios.<\/p>\n<p>&nbsp;<\/p>\n<p><img data-recalc-dims=\"1\" loading=\"lazy\" decoding=\"async\" class=\"alignnone size-large wp-image-77976\" src=\"https:\/\/i0.wp.com\/cdnoticias.com\/wp-content\/uploads\/2023\/02\/Reunion-Paritarias-2023-2-scaled-1.jpg?resize=800%2C534&#038;ssl=1\" alt=\"\" width=\"800\" height=\"534\" srcset=\"https:\/\/i0.wp.com\/cdnoticias.com\/wp-content\/uploads\/2023\/02\/Reunion-Paritarias-2023-2-scaled-1.jpg?resize=1024%2C684&amp;ssl=1 1024w, https:\/\/i0.wp.com\/cdnoticias.com\/wp-content\/uploads\/2023\/02\/Reunion-Paritarias-2023-2-scaled-1.jpg?resize=300%2C201&amp;ssl=1 300w, https:\/\/i0.wp.com\/cdnoticias.com\/wp-content\/uploads\/2023\/02\/Reunion-Paritarias-2023-2-scaled-1.jpg?resize=768%2C513&amp;ssl=1 768w, https:\/\/i0.wp.com\/cdnoticias.com\/wp-content\/uploads\/2023\/02\/Reunion-Paritarias-2023-2-scaled-1.jpg?resize=1536%2C1027&amp;ssl=1 1536w, https:\/\/i0.wp.com\/cdnoticias.com\/wp-content\/uploads\/2023\/02\/Reunion-Paritarias-2023-2-scaled-1.jpg?resize=2048%2C1369&amp;ssl=1 2048w, https:\/\/i0.wp.com\/cdnoticias.com\/wp-content\/uploads\/2023\/02\/Reunion-Paritarias-2023-2-scaled-1.jpg?resize=272%2C182&amp;ssl=1 272w, https:\/\/i0.wp.com\/cdnoticias.com\/wp-content\/uploads\/2023\/02\/Reunion-Paritarias-2023-2-scaled-1.jpg?w=1600&amp;ssl=1 1600w, https:\/\/i0.wp.com\/cdnoticias.com\/wp-content\/uploads\/2023\/02\/Reunion-Paritarias-2023-2-scaled-1.jpg?w=2400&amp;ssl=1 2400w\" sizes=\"auto, (max-width: 800px) 100vw, 800px\" \/><\/p>\n<p>&nbsp;<\/p>\n<blockquote><p>Tambi\u00e9n tendr\u00e1n protagonismo central durante las reuniones los representantes del Centro de Jubilados y Pensionados Municipales.<\/p><\/blockquote>\n<p>&nbsp;<\/p>\n<p>Desde el gremio informaron que<strong> la prioridad estar\u00e1 en la recomposici\u00f3n salarial, los pases a planta permanente, las recategorizaciones y la ayuda escolar.<\/strong> En di\u00e1logo con Claudia Bilbao y su programa \u201cDesayuno con Noticias\u201d, el propio<strong> Stuppia anticip\u00f3 que la negociaci\u00f3n continuar\u00e1 la l\u00f3gica de 2022 con el pedido del 59 % de los ingresos corrientes para los trabajadores, es decir un incremento cercano 100 % de aumento salarial.<\/strong><\/p>\n<p>&nbsp;<\/p>\n<p>M\u00e1s all\u00e1 de este anticipo, por lo pronto<strong> se acord\u00f3 que el siguiente encuentro se realizar\u00e1 el pr\u00f3ximo lunes a partir de las 09:00 horas.\u00a0<\/strong><\/p>\n","protected":false},"excerpt":{"rendered":"<p>Fue en una reuni\u00f3n en el mediod\u00eda de este lunes: Jos\u00e9 Stuppia anticip\u00f3 por la ma\u00f1ana que solicitar\u00e1n \u201cun 100%<\/p>\n","protected":false},"author":2,"featured_media":77975,"comment_status":"closed","ping_status":"closed","sticky":false,"template":"","format":"standard","meta":{"_jetpack_memberships_contains_paid_content":false,"footnotes":""},"categories":[4,1],"tags":[],"class_list":["post-77974","post","type-post","status-publish","format-standard","has-post-thumbnail","hentry","category-politica","category-portada"],"jetpack_featured_media_url":"https:\/\/i0.wp.com\/cdnoticias.com\/wp-content\/uploads\/2023\/02\/Reunion-Paritarias-2023-1-scaled-1.jpg?fit=2560%2C1711&ssl=1","jetpack_sharing_enabled":true,"_links":{"self":[{"href":"https:\/\/cdnoticias.com\/index.php\/wp-json\/wp\/v2\/posts\/77974","targetHints":{"allow":["GET"]}}],"collection":[{"href":"https:\/\/cdnoticias.com\/index.php\/wp-json\/wp\/v2\/posts"}],"about":[{"href":"https:\/\/cdnoticias.com\/index.php\/wp-json\/wp\/v2\/types\/post"}],"author":[{"embeddable":true,"href":"https:\/\/cdnoticias.com\/index.php\/wp-json\/wp\/v2\/users\/2"}],"replies":[{"embeddable":true,"href":"https:\/\/cdnoticias.com\/index.php\/wp-json\/wp\/v2\/comments?post=77974"}],"version-history":[{"count":0,"href":"https:\/\/cdnoticias.com\/index.php\/wp-json\/wp\/v2\/posts\/77974\/revisions"}],"wp:featuredmedia":[{"embeddable":true,"href":"https:\/\/cdnoticias.com\/index.php\/wp-json\/wp\/v2\/media\/77975"}],"wp:attachment":[{"href":"https:\/\/cdnoticias.com\/index.php\/wp-json\/wp\/v2\/media?parent=77974"}],"wp:term":[{"taxonomy":"category","embeddable":true,"href":"https:\/\/cdnoticias.com\/index.php\/wp-json\/wp\/v2\/categories?post=77974"},{"taxonomy":"post_tag","embeddable":true,"href":"https:\/\/cdnoticias.com\/index.php\/wp-json\/wp\/v2\/tags?post=77974"}],"curies":[{"name":"wp","href":"https:\/\/api.w.org\/{rel}","templated":true}]}}