{"id":77964,"date":"2023-02-27T18:31:00","date_gmt":"2023-02-27T21:31:00","guid":{"rendered":"https:\/\/www.centraldenoticias.com.ar\/?p=77964"},"modified":"2023-02-27T20:11:48","modified_gmt":"2023-02-27T23:11:48","slug":"seba-cumplio-su-sueno-y-conocio-la-bombonera","status":"publish","type":"post","link":"https:\/\/cdnoticias.com\/index.php\/2023\/02\/27\/seba-cumplio-su-sueno-y-conocio-la-bombonera\/","title":{"rendered":"Seba cumpli\u00f3 su sue\u00f1o y conoci\u00f3 La Bombonera"},"content":{"rendered":"<p>Es un ni\u00f1o de Loma Negra, quien est\u00e1 en tratamiento en el Hospital Garrahan. A trav\u00e9s de la Pe\u00f1a Ciudad de Olavarr\u00eda de Boca pudo ir al estadio. \u201cBoca siempre tiene un lugar para la gente que se le complica\u201d dijo Gonzalo D\u00edaz, presidente de la pe\u00f1a.<\/p>\n<p><!--more--><\/p>\n<hr \/>\n<p>La <strong>Pe\u00f1a Ciudad de Olavarr\u00eda de Boca Juniors<\/strong> dio a conocer <strong>el sue\u00f1o cumplido de \u201cSeba\u201d<\/strong>: <strong>pudo ir a La Bombonera y recorri\u00f3 las instalaciones<\/strong> donde lo recibi\u00f3 el presidente del Departamento de Interior y Exterior, Carlos Colombo.<\/p>\n<p>&nbsp;<\/p>\n<p>Por cuestiones de salud, el peque\u00f1o de <strong>11 a\u00f1os<\/strong> oriundo de <strong>Loma Negra<\/strong> a\u00fan no pudo ir a presenciar un partido. Pero es otro sue\u00f1o que se cumplir\u00e1 pronto. As\u00ed lo expres\u00f3 <strong>Gonzalo D\u00edaz, el presidente de la Pe\u00f1a Ciudad de Olavarr\u00eda de Boca<\/strong>, en di\u00e1logo con <strong>Central de Noticias<\/strong>, quien adem\u00e1s destac\u00f3 la labor solidaria que el grupo lleva adelante.<\/p>\n<p>&nbsp;<\/p>\n<p>La Pe\u00f1a de Olavarr\u00eda fue clave para ayudar a que \u201cSebita\u201d llegara al estadio. Gonzalo cont\u00f3 que <strong>el peque\u00f1o est\u00e1 internado en el Hospital Garrahan<\/strong>. Desde all\u00ed hizo un video donde cont\u00f3 que su sue\u00f1o era conocer La Bombonera. <strong>\u201cAs\u00ed que al otro d\u00eda a la ma\u00f1ana ya ten\u00edamos 10 mil mensajes, me llam\u00f3 mi comisi\u00f3n y no lo dudamos. Autom\u00e1ticamente dijimos \u00b4cu\u00e1ndo lo llevamos\u00b4\u201d<\/strong> record\u00f3 el presidente de la organizaci\u00f3n local.<\/p>\n<p>&nbsp;<\/p>\n<p><img data-recalc-dims=\"1\" loading=\"lazy\" decoding=\"async\" class=\"size-full wp-image-77967 aligncenter\" src=\"https:\/\/i0.wp.com\/cdnoticias.com\/wp-content\/uploads\/2023\/02\/seba-pena-de-boca-02.jpg?resize=800%2C400&#038;ssl=1\" alt=\"\" width=\"800\" height=\"400\" srcset=\"https:\/\/i0.wp.com\/cdnoticias.com\/wp-content\/uploads\/2023\/02\/seba-pena-de-boca-02.jpg?w=800&amp;ssl=1 800w, https:\/\/i0.wp.com\/cdnoticias.com\/wp-content\/uploads\/2023\/02\/seba-pena-de-boca-02.jpg?resize=300%2C150&amp;ssl=1 300w, https:\/\/i0.wp.com\/cdnoticias.com\/wp-content\/uploads\/2023\/02\/seba-pena-de-boca-02.jpg?resize=768%2C384&amp;ssl=1 768w\" sizes=\"auto, (max-width: 800px) 100vw, 800px\" \/><\/p>\n<p>&nbsp;<\/p>\n<p>A trav\u00e9s de una cadena de contactos, que incluy\u00f3 a Valeria \u2013\u201cla mam\u00e1 de Bautista un nene con par\u00e1lisis cerebral que tambi\u00e9n ayudamos\u201d- Gonzalo lleg\u00f3 a dialogar con Yamila V\u00e1zquez, la mam\u00e1 de Seba. \u201cNos comunicamos enseguida y<strong> le mand\u00e9 un video de un minuto invit\u00e1ndolo<\/strong>. \u00c9l despu\u00e9s hizo otro video agradeciendo a todos los que ayudaron a difundir\u201d expres\u00f3 Gonzalo.<\/p>\n<p>&nbsp;<\/p>\n<p>Para poder ingresar al estadio hubo otro eslab\u00f3n solidario. Una ONG platense que se dedica a cumplirle sue\u00f1os a ni\u00f1os y que tienen contacto directo con el club para este tipo de actividades.<\/p>\n<p>&nbsp;<\/p>\n<blockquote><p>\u201cBoca les abri\u00f3 las puertas para que Seba vaya a conocer el estadio. Para llevarlo a la cancha es un poquito m\u00e1s complicado porque estaba con quimio y estamos esperando que la mam\u00e1 nos d\u00e9 el ok. Ya que un d\u00eda de partido es distinto, es mucho m\u00e1s lindo pero por ah\u00ed es m\u00e1s estresante para un nene. Lo de ahora est\u00e1 bueno porque ya conoci\u00f3 la cancha, el estadio y las tribunas y ya se familiariz\u00f3 con el ambiente. Cuando la mam\u00e1 quiera vamos a un partido invitado por la Pe\u00f1a\u201d adelant\u00f3 Gonzalo D\u00edaz.<\/p><\/blockquote>\n<p>&nbsp;<\/p>\n<p><img data-recalc-dims=\"1\" loading=\"lazy\" decoding=\"async\" class=\"size-full wp-image-77966 aligncenter\" src=\"https:\/\/i0.wp.com\/cdnoticias.com\/wp-content\/uploads\/2023\/02\/seba-pena-de-boca-01.jpg?resize=800%2C400&#038;ssl=1\" alt=\"\" width=\"800\" height=\"400\" srcset=\"https:\/\/i0.wp.com\/cdnoticias.com\/wp-content\/uploads\/2023\/02\/seba-pena-de-boca-01.jpg?w=800&amp;ssl=1 800w, https:\/\/i0.wp.com\/cdnoticias.com\/wp-content\/uploads\/2023\/02\/seba-pena-de-boca-01.jpg?resize=300%2C150&amp;ssl=1 300w, https:\/\/i0.wp.com\/cdnoticias.com\/wp-content\/uploads\/2023\/02\/seba-pena-de-boca-01.jpg?resize=768%2C384&amp;ssl=1 768w\" sizes=\"auto, (max-width: 800px) 100vw, 800px\" \/><\/p>\n<p>&nbsp;<\/p>\n<p>La Pe\u00f1a Ciudad de Olavarr\u00eda de Boca Juniors<strong> recibe habitualmente este tipo de pedidos<\/strong> que canalizan a trav\u00e9s del Departamento de Acci\u00f3n Social del club. All\u00ed solicitan un turno y por partido se asignan lugares para los \u201cinvitados de honor\u201d. El estadio cuenta con un sector especial para ubicar sillas de rueda y para el acceso de personas con requisitos especiales de movilidad. \u201c<strong>Y nosotros le damos prioridad a los nenes\u201d<\/strong> aclar\u00f3 el presidente olavarriense.<\/p>\n<p>&nbsp;<\/p>\n<p>En eso adelant\u00f3 que<strong> \u201cahora vamos a llevar a Dieguito, un amiguito nuestro que le faltan los dos miembros superiores y una piernita<\/strong>. Es fan\u00e1tico de Boca y ya nos contactamos con su pap\u00e1 para llevarlo tambi\u00e9n. Seguramente este lunes lo llevemos a Dieguito\u201d.<\/p>\n<p>&nbsp;<\/p>\n<blockquote><p>Las acciones solidarias son parte de la cotidianidad para la pe\u00f1a. \u201cBoca siempre tiene un lugar para la gente que se complica y nosotros nos encargamos. El club pone las entradas, nosotros ponemos el viaje y les hacemos pasar un d\u00eda hermoso\u201d defini\u00f3.<\/p><\/blockquote>\n<p>&nbsp;<\/p>\n<p>A su vez, resalt\u00f3 que el trabajo solidario no se detiene en los viajes y visitas a La Bombonera. \u201cYa toda la ciudad nos conoce. Hemos sido el \u00faltimo puesto vacunatorio Covid 19 y mil cosas m\u00e1s. Apadrinamos a la escuela 59, al jard\u00edn 919 y al comedor Manitos Sucias. Estamos orgullosos de eso, <strong>no son solo casos aislados sino que nos enteramos y autom\u00e1ticamente no lo dudamos, ayudamos\u201d<\/strong> cerr\u00f3 Gonzalo D\u00edaz.<\/p>\n<p>&nbsp;<\/p>\n<blockquote class=\"instagram-media\" style=\"background: #FFF; border: 0; border-radius: 3px; box-shadow: 0 0 1px 0 rgba(0,0,0,0.5),0 1px 10px 0 rgba(0,0,0,0.15); margin: 1px; max-width: 540px; min-width: 326px; padding: 0; width: calc(100% - 2px);\" data-instgrm-captioned=\"\" data-instgrm-permalink=\"https:\/\/www.instagram.com\/p\/CpJI1M2Pck3\/?utm_source=ig_embed&amp;utm_campaign=loading\" data-instgrm-version=\"14\">\n<div style=\"padding: 16px;\">\n<p>&nbsp;<\/p>\n<div style=\"display: flex; flex-direction: row; align-items: center;\">\n<div style=\"background-color: #f4f4f4; border-radius: 50%; flex-grow: 0; height: 40px; margin-right: 14px; width: 40px;\"><\/div>\n<div style=\"display: flex; flex-direction: column; flex-grow: 1; justify-content: center;\">\n<div style=\"background-color: #f4f4f4; border-radius: 4px; flex-grow: 0; height: 14px; margin-bottom: 6px; width: 100px;\"><\/div>\n<div style=\"background-color: #f4f4f4; border-radius: 4px; flex-grow: 0; height: 14px; width: 60px;\"><\/div>\n<\/div>\n<\/div>\n<div style=\"padding: 19% 0;\"><\/div>\n<div style=\"display: block; height: 50px; margin: 0 auto 12px; width: 50px;\"><\/div>\n<div style=\"padding-top: 8px;\">\n<div style=\"color: #3897f0; font-family: Arial,sans-serif; font-size: 14px; font-style: normal; font-weight: 550; line-height: 18px;\">Ver esta publicaci\u00f3n en Instagram<\/div>\n<\/div>\n<div style=\"padding: 12.5% 0;\"><\/div>\n<div style=\"display: flex; flex-direction: row; margin-bottom: 14px; align-items: center;\">\n<div>\n<div style=\"background-color: #f4f4f4; border-radius: 50%; height: 12.5px; width: 12.5px; transform: translateX(0px) translateY(7px);\"><\/div>\n<div style=\"background-color: #f4f4f4; height: 12.5px; transform: rotate(-45deg) translateX(3px) translateY(1px); width: 12.5px; flex-grow: 0; margin-right: 14px; margin-left: 2px;\"><\/div>\n<div style=\"background-color: #f4f4f4; border-radius: 50%; height: 12.5px; width: 12.5px; transform: translateX(9px) translateY(-18px);\"><\/div>\n<\/div>\n<div style=\"margin-left: 8px;\">\n<div style=\"background-color: #f4f4f4; border-radius: 50%; flex-grow: 0; height: 20px; width: 20px;\"><\/div>\n<div style=\"width: 0; height: 0; border-top: 2px solid transparent; border-left: 6px solid #f4f4f4; border-bottom: 2px solid transparent; transform: translateX(16px) translateY(-4px) rotate(30deg);\"><\/div>\n<\/div>\n<div style=\"margin-left: auto;\">\n<div style=\"width: 0px; border-top: 8px solid #F4F4F4; border-right: 8px solid transparent; transform: translateY(16px);\"><\/div>\n<div style=\"background-color: #f4f4f4; flex-grow: 0; height: 12px; width: 16px; transform: translateY(-4px);\"><\/div>\n<div style=\"width: 0; height: 0; border-top: 8px solid #F4F4F4; border-left: 8px solid transparent; transform: translateY(-4px) translateX(8px);\"><\/div>\n<\/div>\n<\/div>\n<div style=\"display: flex; flex-direction: column; flex-grow: 1; justify-content: center; margin-bottom: 24px;\">\n<div style=\"background-color: #f4f4f4; border-radius: 4px; flex-grow: 0; height: 14px; margin-bottom: 6px; width: 224px;\"><\/div>\n<div style=\"background-color: #f4f4f4; border-radius: 4px; flex-grow: 0; height: 14px; width: 144px;\"><\/div>\n<\/div>\n<p>&nbsp;<\/p>\n<p style=\"color: #c9c8cd; font-family: Arial,sans-serif; font-size: 14px; line-height: 17px; margin-bottom: 0; margin-top: 8px; overflow: hidden; padding: 8px 0 7px; text-align: center; text-overflow: ellipsis; white-space: nowrap;\"><a style=\"color: #c9c8cd; font-family: Arial,sans-serif; font-size: 14px; font-style: normal; font-weight: normal; line-height: 17px; text-decoration: none;\" href=\"https:\/\/www.instagram.com\/p\/CpJI1M2Pck3\/?utm_source=ig_embed&amp;utm_campaign=loading\" target=\"_blank\" rel=\"noopener\">Una publicaci\u00f3n compartida por \u2b50\ufe0fPE\u00d1A CIUDAD DE OLAVARRIA\u2b50\ufe0f (@penaciudadolavarria)<\/a><\/p>\n<\/div>\n<\/blockquote>\n<p><script async src=\"\/\/www.instagram.com\/embed.js\"><\/script><\/p>\n<p>&nbsp;<\/p>\n","protected":false},"excerpt":{"rendered":"<p>Es un ni\u00f1o de Loma Negra, quien est\u00e1 en tratamiento en el Hospital Garrahan. A trav\u00e9s de la Pe\u00f1a Ciudad<\/p>\n","protected":false},"author":4,"featured_media":77965,"comment_status":"closed","ping_status":"closed","sticky":false,"template":"","format":"standard","meta":{"_jetpack_memberships_contains_paid_content":false,"footnotes":""},"categories":[5,1],"tags":[],"class_list":["post-77964","post","type-post","status-publish","format-standard","has-post-thumbnail","hentry","category-informacion-general","category-portada"],"jetpack_featured_media_url":"https:\/\/i0.wp.com\/cdnoticias.com\/wp-content\/uploads\/2023\/02\/seba-pena-de-boca-00.jpg?fit=800%2C444&ssl=1","jetpack_sharing_enabled":true,"_links":{"self":[{"href":"https:\/\/cdnoticias.com\/index.php\/wp-json\/wp\/v2\/posts\/77964","targetHints":{"allow":["GET"]}}],"collection":[{"href":"https:\/\/cdnoticias.com\/index.php\/wp-json\/wp\/v2\/posts"}],"about":[{"href":"https:\/\/cdnoticias.com\/index.php\/wp-json\/wp\/v2\/types\/post"}],"author":[{"embeddable":true,"href":"https:\/\/cdnoticias.com\/index.php\/wp-json\/wp\/v2\/users\/4"}],"replies":[{"embeddable":true,"href":"https:\/\/cdnoticias.com\/index.php\/wp-json\/wp\/v2\/comments?post=77964"}],"version-history":[{"count":0,"href":"https:\/\/cdnoticias.com\/index.php\/wp-json\/wp\/v2\/posts\/77964\/revisions"}],"wp:featuredmedia":[{"embeddable":true,"href":"https:\/\/cdnoticias.com\/index.php\/wp-json\/wp\/v2\/media\/77965"}],"wp:attachment":[{"href":"https:\/\/cdnoticias.com\/index.php\/wp-json\/wp\/v2\/media?parent=77964"}],"wp:term":[{"taxonomy":"category","embeddable":true,"href":"https:\/\/cdnoticias.com\/index.php\/wp-json\/wp\/v2\/categories?post=77964"},{"taxonomy":"post_tag","embeddable":true,"href":"https:\/\/cdnoticias.com\/index.php\/wp-json\/wp\/v2\/tags?post=77964"}],"curies":[{"name":"wp","href":"https:\/\/api.w.org\/{rel}","templated":true}]}}