{"id":7794,"date":"2020-11-30T10:17:13","date_gmt":"2020-11-30T13:17:13","guid":{"rendered":"http:\/\/www.centraldenoticias.com.ar\/?p=7794"},"modified":"2020-11-30T11:50:48","modified_gmt":"2020-11-30T14:50:48","slug":"un-retrato-de-la-mano-de-dios-el-exito-y-la-tristeza","status":"publish","type":"post","link":"https:\/\/cdnoticias.com\/index.php\/2020\/11\/30\/un-retrato-de-la-mano-de-dios-el-exito-y-la-tristeza\/","title":{"rendered":"Un retrato de la mano de Dios, el \u00e9xito y la tristeza"},"content":{"rendered":"<p>El artista Marcelo Flores pinta los paredones exteriores de la cancha de Racing. Estaba decidido a incluir un homenaje a Maradona. La muerte de su \u00eddolo aceler\u00f3 la decisi\u00f3n: \u201choy est\u00e1 con los \u00e1ngeles\u201d.<!--more--><\/p>\n<hr \/>\n<p><strong>Sobre calle Cerrito en el cruce con Mitre se pinta por estos d\u00edas un mural en homenaje a \u201cla mano de Dios\u201d<\/strong>. Es en el club Racing donde Marcelo Flores ya ha pintado dos cuadras de paredones y seguir\u00e1 hasta cubrir el exterior de la cancha de f\u00fatbol.<\/p>\n<p><strong>\u201cSoy Marcelo Flores, el doctor que tat\u00faa\u201d<\/strong> se present\u00f3 cuando <strong>Central de Noticias<\/strong> lo encontr\u00f3 el domingo al mediod\u00eda en pleno trabajo. Es un artista olavarriense, habitualmente vive en Neuqu\u00e9n, aunque desde el inicio de la pandemia se qued\u00f3 en nuestra ciudad.<\/p>\n<p><img data-recalc-dims=\"1\" loading=\"lazy\" decoding=\"async\" class=\"aligncenter wp-image-7797 size-full\" src=\"https:\/\/i0.wp.com\/cdnoticias.com\/wp-content\/uploads\/2020\/11\/mural-01.jpg?resize=779%2C821&#038;ssl=1\" alt=\"\" width=\"779\" height=\"821\" srcset=\"https:\/\/i0.wp.com\/cdnoticias.com\/wp-content\/uploads\/2020\/11\/mural-01.jpg?w=779&amp;ssl=1 779w, https:\/\/i0.wp.com\/cdnoticias.com\/wp-content\/uploads\/2020\/11\/mural-01.jpg?resize=285%2C300&amp;ssl=1 285w, https:\/\/i0.wp.com\/cdnoticias.com\/wp-content\/uploads\/2020\/11\/mural-01.jpg?resize=768%2C809&amp;ssl=1 768w\" sizes=\"auto, (max-width: 779px) 100vw, 779px\" \/><\/p>\n<p><strong>En el marco de la obra que pinta en el sector de f\u00fatbol de Racing, estaba previsto incluir a Diego Maradona<\/strong>. Su muerte aceler\u00f3 las decisiones y, por supuesto, el trabajo. Marcelo cont\u00f3 la conmoci\u00f3n que signific\u00f3 enterarse del fallecimiento de su \u00eddolo, \u201cDiego\u201d, y ni siquiera se atrevi\u00f3 a pronunciar la palabra.<\/p>\n<blockquote><p>\u201cEstaba planeado pintar este mural, pero no ten\u00eda tiempo de inicio. Cuando pas\u00f3 lo que pas\u00f3 tom\u00e9 la determinaci\u00f3n esa misma tarde que al d\u00eda siguiente lo ten\u00eda que hacer. Por pasi\u00f3n, por tributo, por todo. El jueves a las 8 de la ma\u00f1ana empec\u00e9 a tirar colores, estuve todo el d\u00eda\u201d dijo. Pintar parece una forma de canalizar su tristeza.<\/p><\/blockquote>\n<p><img data-recalc-dims=\"1\" loading=\"lazy\" decoding=\"async\" class=\"alignnone wp-image-7799 size-large\" src=\"https:\/\/i0.wp.com\/cdnoticias.com\/wp-content\/uploads\/2020\/11\/marcelo-flores-mural-maradona-3.jpeg?resize=800%2C600&#038;ssl=1\" alt=\"\" width=\"800\" height=\"600\" srcset=\"https:\/\/i0.wp.com\/cdnoticias.com\/wp-content\/uploads\/2020\/11\/marcelo-flores-mural-maradona-3.jpeg?resize=1024%2C768&amp;ssl=1 1024w, https:\/\/i0.wp.com\/cdnoticias.com\/wp-content\/uploads\/2020\/11\/marcelo-flores-mural-maradona-3.jpeg?resize=300%2C225&amp;ssl=1 300w, https:\/\/i0.wp.com\/cdnoticias.com\/wp-content\/uploads\/2020\/11\/marcelo-flores-mural-maradona-3.jpeg?resize=768%2C576&amp;ssl=1 768w, https:\/\/i0.wp.com\/cdnoticias.com\/wp-content\/uploads\/2020\/11\/marcelo-flores-mural-maradona-3.jpeg?w=1040&amp;ssl=1 1040w\" sizes=\"auto, (max-width: 800px) 100vw, 800px\" \/><\/p>\n<p>El mural representa el momento que consagr\u00f3 a Maradona ante el mundo. El trabajo de Marcelo es la reinterpretaci\u00f3n sobre la obra de otro artista y \u00e9l la traduce a la pared.<\/p>\n<blockquote><p>\u201cLa elegimos porque es la mano de Dios. En este momento elegimos tambi\u00e9n hacerlo con \u00e1ngeles porque era el momento justo de representar dos figuras, la del \u00e9xito y la de la tristeza. Hoy est\u00e1 con los \u00e1ngeles, los \u00e1ngeles lo apoyaron siempre, creo\u201d. Hay humanidad y hay m\u00edstica, como en cada momento brillante de Maradona, el mural lo rescata.<\/p><\/blockquote>\n<p>\u201cHac\u00eda 50 a\u00f1os que no se pintaban estos paredones. Salimos en pandemia, empezamos a juntar plata y surgi\u00f3 esto. Dentro de lo que surgi\u00f3 en este camino de pintar paredones, estuvo la idea de darle el tributo a Diego. <strong>La idea surgi\u00f3 cuando se oper\u00f3, que dijimos `no va a ser el mismo Diego\u00b4\u201d aclar\u00f3<\/strong>.<\/p>\n<p><img data-recalc-dims=\"1\" loading=\"lazy\" decoding=\"async\" class=\"aligncenter wp-image-7796 size-large\" src=\"https:\/\/i0.wp.com\/cdnoticias.com\/wp-content\/uploads\/2020\/11\/marcelo-flores-mural-maradona-6.jpeg?resize=800%2C600&#038;ssl=1\" alt=\"\" width=\"800\" height=\"600\" srcset=\"https:\/\/i0.wp.com\/cdnoticias.com\/wp-content\/uploads\/2020\/11\/marcelo-flores-mural-maradona-6.jpeg?resize=1024%2C768&amp;ssl=1 1024w, https:\/\/i0.wp.com\/cdnoticias.com\/wp-content\/uploads\/2020\/11\/marcelo-flores-mural-maradona-6.jpeg?resize=300%2C225&amp;ssl=1 300w, https:\/\/i0.wp.com\/cdnoticias.com\/wp-content\/uploads\/2020\/11\/marcelo-flores-mural-maradona-6.jpeg?resize=768%2C576&amp;ssl=1 768w, https:\/\/i0.wp.com\/cdnoticias.com\/wp-content\/uploads\/2020\/11\/marcelo-flores-mural-maradona-6.jpeg?w=1040&amp;ssl=1 1040w\" sizes=\"auto, (max-width: 800px) 100vw, 800px\" \/><\/p>\n<p><strong>El plan es terminar esta obra durante esta semana<\/strong> y finalizar todas las paredes, hasta llegar a la entrada a la cancha al costado del arroyo, a fines de diciembre.<\/p>\n<p>Durante la entrevista, una vaquita de san antonio se pos\u00f3 sobre la pared justo donde Marcelo pintaba. <strong>\u201cSacame esta foto, con el pincel. Es la naturaleza que vino a ayudarme\u201d<\/strong> se alegr\u00f3. Tal vez ser\u00e1 la m\u00edstica en su trabajo.<\/p>\n<p><img data-recalc-dims=\"1\" loading=\"lazy\" decoding=\"async\" class=\"aligncenter wp-image-7801 size-full\" src=\"https:\/\/i0.wp.com\/cdnoticias.com\/wp-content\/uploads\/2020\/11\/mural-02.jpg?resize=800%2C556&#038;ssl=1\" alt=\"\" width=\"800\" height=\"556\" srcset=\"https:\/\/i0.wp.com\/cdnoticias.com\/wp-content\/uploads\/2020\/11\/mural-02.jpg?w=800&amp;ssl=1 800w, https:\/\/i0.wp.com\/cdnoticias.com\/wp-content\/uploads\/2020\/11\/mural-02.jpg?resize=300%2C209&amp;ssl=1 300w, https:\/\/i0.wp.com\/cdnoticias.com\/wp-content\/uploads\/2020\/11\/mural-02.jpg?resize=768%2C534&amp;ssl=1 768w, https:\/\/i0.wp.com\/cdnoticias.com\/wp-content\/uploads\/2020\/11\/mural-02.jpg?resize=392%2C272&amp;ssl=1 392w, https:\/\/i0.wp.com\/cdnoticias.com\/wp-content\/uploads\/2020\/11\/mural-02.jpg?resize=130%2C90&amp;ssl=1 130w\" sizes=\"auto, (max-width: 800px) 100vw, 800px\" \/><\/p>\n<p>&nbsp;<\/p>\n","protected":false},"excerpt":{"rendered":"<p>El artista Marcelo Flores pinta los paredones exteriores de la cancha de Racing. Estaba decidido a incluir un homenaje a<\/p>\n","protected":false},"author":4,"featured_media":7796,"comment_status":"closed","ping_status":"closed","sticky":false,"template":"","format":"standard","meta":{"_jetpack_memberships_contains_paid_content":false,"footnotes":""},"categories":[9,1],"tags":[],"class_list":["post-7794","post","type-post","status-publish","format-standard","has-post-thumbnail","hentry","category-cultura","category-portada"],"jetpack_featured_media_url":"https:\/\/i0.wp.com\/cdnoticias.com\/wp-content\/uploads\/2020\/11\/marcelo-flores-mural-maradona-6.jpeg?fit=1040%2C780&ssl=1","jetpack_sharing_enabled":true,"_links":{"self":[{"href":"https:\/\/cdnoticias.com\/index.php\/wp-json\/wp\/v2\/posts\/7794","targetHints":{"allow":["GET"]}}],"collection":[{"href":"https:\/\/cdnoticias.com\/index.php\/wp-json\/wp\/v2\/posts"}],"about":[{"href":"https:\/\/cdnoticias.com\/index.php\/wp-json\/wp\/v2\/types\/post"}],"author":[{"embeddable":true,"href":"https:\/\/cdnoticias.com\/index.php\/wp-json\/wp\/v2\/users\/4"}],"replies":[{"embeddable":true,"href":"https:\/\/cdnoticias.com\/index.php\/wp-json\/wp\/v2\/comments?post=7794"}],"version-history":[{"count":0,"href":"https:\/\/cdnoticias.com\/index.php\/wp-json\/wp\/v2\/posts\/7794\/revisions"}],"wp:featuredmedia":[{"embeddable":true,"href":"https:\/\/cdnoticias.com\/index.php\/wp-json\/wp\/v2\/media\/7796"}],"wp:attachment":[{"href":"https:\/\/cdnoticias.com\/index.php\/wp-json\/wp\/v2\/media?parent=7794"}],"wp:term":[{"taxonomy":"category","embeddable":true,"href":"https:\/\/cdnoticias.com\/index.php\/wp-json\/wp\/v2\/categories?post=7794"},{"taxonomy":"post_tag","embeddable":true,"href":"https:\/\/cdnoticias.com\/index.php\/wp-json\/wp\/v2\/tags?post=7794"}],"curies":[{"name":"wp","href":"https:\/\/api.w.org\/{rel}","templated":true}]}}