{"id":77893,"date":"2023-02-26T11:11:38","date_gmt":"2023-02-26T14:11:38","guid":{"rendered":"https:\/\/www.centraldenoticias.com.ar\/?p=77893"},"modified":"2023-02-26T20:05:25","modified_gmt":"2023-02-26T23:05:25","slug":"adolfo-antonio-pasquini-q-e-p-d","status":"publish","type":"post","link":"https:\/\/cdnoticias.com\/index.php\/2023\/02\/26\/adolfo-antonio-pasquini-q-e-p-d\/","title":{"rendered":"Adolfo Antonio Pasquini (Q.E.P.D.)"},"content":{"rendered":"<p>Falleci\u00f3 en Olavarr\u00eda el d\u00eda 26 de febrero de 2023 a los 81 a\u00f1os. Su esposa: Liliana Marchetti. Sus hijos: Sandra Edith, Claudia Elizabeth y Laura Bel\u00e9n Pasquini. Sus hijos pol\u00edticos: Gustavo Le\u00f3n y Guillermo Coria. Sus nietos: Juan Ignacio, Joaqu\u00edn y Agust\u00edn Le\u00f3n; Lautaro Coria, Lara Santill\u00e1n. Sus hijos del coraz\u00f3n: Mar\u00eda Jos\u00e9, Mar\u00eda Julia y Juan Bouciguez. Sus hermanos: Mar\u00eda Luj\u00e1n Jadric y Norberto Pasquini. Sus hermanos pol\u00edticos, sobrinos, amigos y dem\u00e1s deudos participan su fallecimiento.<\/p>\n<p>&nbsp;<\/p>\n<p>Velatorio: Espa\u00f1a 2942 Sala &#8220;C&#8221;, comienza 12:00 y finaliza 13:30. Sin responso. Cremaci\u00f3n: Crematorio Pinos de Paz, d\u00eda y hora a confirmar. Servicio adherido a Coopelectric.<\/p>\n<p>&nbsp;<\/p>\n<p>Barrio en el que viv\u00eda: Tiro Federal.<\/p>\n<p>Lugar de nacimiento: Wheelwright, Santa Fe.<\/p>\n<p>Actividad que desarrollaba: Jubilado, Propietario de Panificadora Pasquini.<\/p>\n","protected":false},"excerpt":{"rendered":"<p>Falleci\u00f3 en Olavarr\u00eda el d\u00eda 26 de febrero de 2023 a los 81 a\u00f1os. Su esposa: Liliana Marchetti. Sus hijos:<\/p>\n","protected":false},"author":6,"featured_media":51544,"comment_status":"closed","ping_status":"closed","sticky":false,"template":"","format":"standard","meta":{"_jetpack_memberships_contains_paid_content":false,"footnotes":""},"categories":[10],"tags":[],"class_list":["post-77893","post","type-post","status-publish","format-standard","has-post-thumbnail","hentry","category-necrologicas"],"jetpack_featured_media_url":"https:\/\/i0.wp.com\/cdnoticias.com\/wp-content\/uploads\/2022\/04\/necrologicas-390-x-240.jpg?fit=390%2C240&ssl=1","jetpack_sharing_enabled":true,"_links":{"self":[{"href":"https:\/\/cdnoticias.com\/index.php\/wp-json\/wp\/v2\/posts\/77893","targetHints":{"allow":["GET"]}}],"collection":[{"href":"https:\/\/cdnoticias.com\/index.php\/wp-json\/wp\/v2\/posts"}],"about":[{"href":"https:\/\/cdnoticias.com\/index.php\/wp-json\/wp\/v2\/types\/post"}],"author":[{"embeddable":true,"href":"https:\/\/cdnoticias.com\/index.php\/wp-json\/wp\/v2\/users\/6"}],"replies":[{"embeddable":true,"href":"https:\/\/cdnoticias.com\/index.php\/wp-json\/wp\/v2\/comments?post=77893"}],"version-history":[{"count":0,"href":"https:\/\/cdnoticias.com\/index.php\/wp-json\/wp\/v2\/posts\/77893\/revisions"}],"wp:featuredmedia":[{"embeddable":true,"href":"https:\/\/cdnoticias.com\/index.php\/wp-json\/wp\/v2\/media\/51544"}],"wp:attachment":[{"href":"https:\/\/cdnoticias.com\/index.php\/wp-json\/wp\/v2\/media?parent=77893"}],"wp:term":[{"taxonomy":"category","embeddable":true,"href":"https:\/\/cdnoticias.com\/index.php\/wp-json\/wp\/v2\/categories?post=77893"},{"taxonomy":"post_tag","embeddable":true,"href":"https:\/\/cdnoticias.com\/index.php\/wp-json\/wp\/v2\/tags?post=77893"}],"curies":[{"name":"wp","href":"https:\/\/api.w.org\/{rel}","templated":true}]}}