{"id":7789,"date":"2020-11-30T09:23:56","date_gmt":"2020-11-30T12:23:56","guid":{"rendered":"http:\/\/www.centraldenoticias.com.ar\/?p=7789"},"modified":"2020-11-30T09:23:56","modified_gmt":"2020-11-30T12:23:56","slug":"el-aniversario-de-olavarria-cerro-con-sorteos-y-lima-limon","status":"publish","type":"post","link":"https:\/\/cdnoticias.com\/index.php\/2020\/11\/30\/el-aniversario-de-olavarria-cerro-con-sorteos-y-lima-limon\/","title":{"rendered":"El aniversario de Olavarr\u00eda cerr\u00f3 con sorteos y Lima Lim\u00f3n"},"content":{"rendered":"<p>Hubo cinco ganadores de distintos premios y el final a pura m\u00fasica con la banda de cumbia.<!--more--><\/p>\n<hr \/>\n<p>Con la m\u00fasica de Lima Lim\u00f3n,<strong> culminaron los festejos por el 153\u00b0 Aniversario de Olavarr\u00eda.<\/strong> Seg\u00fan la comuna, miles de vecinos de todo el partido disfrutaron de la propuesta a trav\u00e9s de diferentes plataformas virtuales y compartieron esta celebraci\u00f3n.<\/p>\n<p>&nbsp;<\/p>\n<p>Previo al cierre de la banda olavarriense,<strong> se realiz\u00f3 el sorteo de regalos con los n\u00fameros que vendieron las 12 instituciones que formaron parte de este festejo.<\/strong><\/p>\n<p>&nbsp;<\/p>\n<p><img data-recalc-dims=\"1\" loading=\"lazy\" decoding=\"async\" class=\"alignnone size-full wp-image-7791\" src=\"https:\/\/i0.wp.com\/cdnoticias.com\/wp-content\/uploads\/2020\/11\/Fiesta-Aniversario-Olavarria-153%C2%B0-21-scaled.jpg?resize=800%2C535&#038;ssl=1\" alt=\"\" width=\"800\" height=\"535\" srcset=\"https:\/\/i0.wp.com\/cdnoticias.com\/wp-content\/uploads\/2020\/11\/Fiesta-Aniversario-Olavarria-153%C2%B0-21-scaled.jpg?w=2560&amp;ssl=1 2560w, https:\/\/i0.wp.com\/cdnoticias.com\/wp-content\/uploads\/2020\/11\/Fiesta-Aniversario-Olavarria-153%C2%B0-21-scaled.jpg?resize=300%2C201&amp;ssl=1 300w, https:\/\/i0.wp.com\/cdnoticias.com\/wp-content\/uploads\/2020\/11\/Fiesta-Aniversario-Olavarria-153%C2%B0-21-scaled.jpg?resize=768%2C513&amp;ssl=1 768w, https:\/\/i0.wp.com\/cdnoticias.com\/wp-content\/uploads\/2020\/11\/Fiesta-Aniversario-Olavarria-153%C2%B0-21-scaled.jpg?resize=1024%2C684&amp;ssl=1 1024w, https:\/\/i0.wp.com\/cdnoticias.com\/wp-content\/uploads\/2020\/11\/Fiesta-Aniversario-Olavarria-153%C2%B0-21-scaled.jpg?resize=272%2C182&amp;ssl=1 272w, https:\/\/i0.wp.com\/cdnoticias.com\/wp-content\/uploads\/2020\/11\/Fiesta-Aniversario-Olavarria-153%C2%B0-21-scaled.jpg?w=1600&amp;ssl=1 1600w, https:\/\/i0.wp.com\/cdnoticias.com\/wp-content\/uploads\/2020\/11\/Fiesta-Aniversario-Olavarria-153%C2%B0-21-scaled.jpg?w=2400&amp;ssl=1 2400w\" sizes=\"auto, (max-width: 800px) 100vw, 800px\" \/><\/p>\n<p>&nbsp;<\/p>\n<p>A los ganadores y ganadoras, cada instituci\u00f3n se comunicar\u00e1 con ellos para que reciban su premio, que fueron los siguientes:<\/p>\n<p>&nbsp;<\/p>\n<p>Bicicleta de Hauswagen \u2013 Estefan\u00eda Ver\u00f3n<\/p>\n<p>Bicicleta de M Bikes \u2013 Ana Julia Zabala<\/p>\n<p>\u00d3rdenes de compra de Casa Bouciguez \u2013 Marcela Centineo y Roberto Tagliaretti.<\/p>\n<p>\u00d3rdenes de compra de Casa Silvia \u2013 Tom\u00e1s Gast\u00f3n y Mar\u00eda Jos\u00e9 Severo<\/p>\n<p>Orden de compra de Grand Prix \u2013 Mar\u00eda Alicia de Oliveira Santos.<\/p>\n<p>&nbsp;<\/p>\n<p>El secretario de Desarrollo Humano y Calidad de Vida del Municipio Diego Robbiani, se mostr\u00f3 <em>\u201cmuy contento por c\u00f3mo se dio todo esto, en este contexto tan especial. Ha sido un \u00e9xito para nosotros. Los festejos los organizamos en equipo y sobre todo queremos agradecer a los vecinos, porque mancomunadamente hemos pasado toda esta situaci\u00f3n\u201d.<\/em><\/p>\n<p>&nbsp;<\/p>\n<p><img data-recalc-dims=\"1\" loading=\"lazy\" decoding=\"async\" class=\"alignnone size-full wp-image-7790\" src=\"https:\/\/i0.wp.com\/cdnoticias.com\/wp-content\/uploads\/2020\/11\/Fiesta-Aniversario-Olavarria-153%C2%B0-17-scaled.jpg?resize=800%2C535&#038;ssl=1\" alt=\"\" width=\"800\" height=\"535\" srcset=\"https:\/\/i0.wp.com\/cdnoticias.com\/wp-content\/uploads\/2020\/11\/Fiesta-Aniversario-Olavarria-153%C2%B0-17-scaled.jpg?w=2560&amp;ssl=1 2560w, https:\/\/i0.wp.com\/cdnoticias.com\/wp-content\/uploads\/2020\/11\/Fiesta-Aniversario-Olavarria-153%C2%B0-17-scaled.jpg?resize=300%2C201&amp;ssl=1 300w, https:\/\/i0.wp.com\/cdnoticias.com\/wp-content\/uploads\/2020\/11\/Fiesta-Aniversario-Olavarria-153%C2%B0-17-scaled.jpg?resize=768%2C513&amp;ssl=1 768w, https:\/\/i0.wp.com\/cdnoticias.com\/wp-content\/uploads\/2020\/11\/Fiesta-Aniversario-Olavarria-153%C2%B0-17-scaled.jpg?resize=1024%2C684&amp;ssl=1 1024w, https:\/\/i0.wp.com\/cdnoticias.com\/wp-content\/uploads\/2020\/11\/Fiesta-Aniversario-Olavarria-153%C2%B0-17-scaled.jpg?resize=272%2C182&amp;ssl=1 272w, https:\/\/i0.wp.com\/cdnoticias.com\/wp-content\/uploads\/2020\/11\/Fiesta-Aniversario-Olavarria-153%C2%B0-17-scaled.jpg?w=1600&amp;ssl=1 1600w, https:\/\/i0.wp.com\/cdnoticias.com\/wp-content\/uploads\/2020\/11\/Fiesta-Aniversario-Olavarria-153%C2%B0-17-scaled.jpg?w=2400&amp;ssl=1 2400w\" sizes=\"auto, (max-width: 800px) 100vw, 800px\" \/><\/p>\n<p>&nbsp;<\/p>\n<p>Antes, se hab\u00eda presentado Caja Negra, en un homenaje a Soda St\u00e9reo y Gustavo Cerati; La Zapada con toda la fuerza del folclore y Cami Pereyra, una de las voces juveniles de la ciudad.<\/p>\n","protected":false},"excerpt":{"rendered":"<p>Hubo cinco ganadores de distintos premios y el final a pura m\u00fasica con la banda de cumbia.<\/p>\n","protected":false},"author":2,"featured_media":7792,"comment_status":"closed","ping_status":"closed","sticky":false,"template":"","format":"standard","meta":{"_jetpack_memberships_contains_paid_content":false,"footnotes":""},"categories":[9,1],"tags":[],"class_list":["post-7789","post","type-post","status-publish","format-standard","has-post-thumbnail","hentry","category-cultura","category-portada"],"jetpack_featured_media_url":"https:\/\/i0.wp.com\/cdnoticias.com\/wp-content\/uploads\/2020\/11\/Fiesta-Aniversario-Olavarria-153%C2%B0-22-scaled.jpg?fit=2560%2C1711&ssl=1","jetpack_sharing_enabled":true,"_links":{"self":[{"href":"https:\/\/cdnoticias.com\/index.php\/wp-json\/wp\/v2\/posts\/7789","targetHints":{"allow":["GET"]}}],"collection":[{"href":"https:\/\/cdnoticias.com\/index.php\/wp-json\/wp\/v2\/posts"}],"about":[{"href":"https:\/\/cdnoticias.com\/index.php\/wp-json\/wp\/v2\/types\/post"}],"author":[{"embeddable":true,"href":"https:\/\/cdnoticias.com\/index.php\/wp-json\/wp\/v2\/users\/2"}],"replies":[{"embeddable":true,"href":"https:\/\/cdnoticias.com\/index.php\/wp-json\/wp\/v2\/comments?post=7789"}],"version-history":[{"count":0,"href":"https:\/\/cdnoticias.com\/index.php\/wp-json\/wp\/v2\/posts\/7789\/revisions"}],"wp:featuredmedia":[{"embeddable":true,"href":"https:\/\/cdnoticias.com\/index.php\/wp-json\/wp\/v2\/media\/7792"}],"wp:attachment":[{"href":"https:\/\/cdnoticias.com\/index.php\/wp-json\/wp\/v2\/media?parent=7789"}],"wp:term":[{"taxonomy":"category","embeddable":true,"href":"https:\/\/cdnoticias.com\/index.php\/wp-json\/wp\/v2\/categories?post=7789"},{"taxonomy":"post_tag","embeddable":true,"href":"https:\/\/cdnoticias.com\/index.php\/wp-json\/wp\/v2\/tags?post=7789"}],"curies":[{"name":"wp","href":"https:\/\/api.w.org\/{rel}","templated":true}]}}