{"id":77835,"date":"2023-02-25T21:01:30","date_gmt":"2023-02-26T00:01:30","guid":{"rendered":"https:\/\/www.centraldenoticias.com.ar\/?p=77835"},"modified":"2023-02-26T09:02:05","modified_gmt":"2023-02-26T12:02:05","slug":"con-obras-como-eje-el-intendente-galli-se-reunio-con-los-delegados-de-las-localidades","status":"publish","type":"post","link":"https:\/\/cdnoticias.com\/index.php\/2023\/02\/25\/con-obras-como-eje-el-intendente-galli-se-reunio-con-los-delegados-de-las-localidades\/","title":{"rendered":"Con obras como eje, el intendente Galli se reuni\u00f3 con los delegados de las localidades"},"content":{"rendered":"<p>Fue en Loma Negra. \u201cPudimos trabajar sobre las obras que tenemos proyectadas para este 2023\u201d indic\u00f3 el jefe comunal.<\/p>\n<p><!--more--><\/p>\n<hr \/>\n<p><strong>El intendente municipal Ezequiel Galli<\/strong> mantuvo una reuni\u00f3n en Loma Negra con<strong> todos los delegados de las localidades<\/strong> del Partido de Olavarr\u00eda.<\/p>\n<p>&nbsp;<\/p>\n<p>El jefe comunal estuvo acompa\u00f1ado por <em>el Subsecretario de Gobierno Emilio Vitale, el Subsecretario de Legal y T\u00e9cnica Marcelo Pablo Fabbi y el Director de las Localidades C\u00e9sar Bournot.<\/em><\/p>\n<p>&nbsp;<\/p>\n<p>Seg\u00fan explicaron, durante el encuentro realizado en la localidad serrana se dialog\u00f3 sobre <strong>el trabajo que se realiza a diario en cada delegaci\u00f3n<\/strong> y sobre<strong> los desaf\u00edos de cara a este a\u00f1o<\/strong>.<\/p>\n<p>&nbsp;<\/p>\n<blockquote><p>\u201cMantuvimos una excelente reuni\u00f3n con los delegados donde pudimos trabajar sobre las obras que tenemos proyectadas para este 2023 en todas las localidades del Partido\u201d, expres\u00f3 Ezequiel Galli.<\/p><\/blockquote>\n<p>&nbsp;<\/p>\n<p>Adem\u00e1s, el jefe comunal dijo: \u201cnot\u00e9 un gran compromiso de todos los delegados en seguir trabajando de manera conjunta con la gesti\u00f3n pero, sobre todo, not\u00e9 una gran responsabilidad para seguir mejorando la vida de los vecinos de las localidades.<strong> Estamos trabajando en equipo<\/strong> y eso se nota en los resultados\u201d.<\/p>\n<p>&nbsp;<\/p>\n","protected":false},"excerpt":{"rendered":"<p>Fue en Loma Negra. \u201cPudimos trabajar sobre las obras que tenemos proyectadas para este 2023\u201d indic\u00f3 el jefe comunal.<\/p>\n","protected":false},"author":4,"featured_media":77836,"comment_status":"closed","ping_status":"closed","sticky":false,"template":"","format":"standard","meta":{"_jetpack_memberships_contains_paid_content":false,"footnotes":""},"categories":[4,1],"tags":[],"class_list":["post-77835","post","type-post","status-publish","format-standard","has-post-thumbnail","hentry","category-politica","category-portada"],"jetpack_featured_media_url":"https:\/\/i0.wp.com\/cdnoticias.com\/wp-content\/uploads\/2023\/02\/galli-delegados-localidades-0.jpg?fit=800%2C445&ssl=1","jetpack_sharing_enabled":true,"_links":{"self":[{"href":"https:\/\/cdnoticias.com\/index.php\/wp-json\/wp\/v2\/posts\/77835","targetHints":{"allow":["GET"]}}],"collection":[{"href":"https:\/\/cdnoticias.com\/index.php\/wp-json\/wp\/v2\/posts"}],"about":[{"href":"https:\/\/cdnoticias.com\/index.php\/wp-json\/wp\/v2\/types\/post"}],"author":[{"embeddable":true,"href":"https:\/\/cdnoticias.com\/index.php\/wp-json\/wp\/v2\/users\/4"}],"replies":[{"embeddable":true,"href":"https:\/\/cdnoticias.com\/index.php\/wp-json\/wp\/v2\/comments?post=77835"}],"version-history":[{"count":0,"href":"https:\/\/cdnoticias.com\/index.php\/wp-json\/wp\/v2\/posts\/77835\/revisions"}],"wp:featuredmedia":[{"embeddable":true,"href":"https:\/\/cdnoticias.com\/index.php\/wp-json\/wp\/v2\/media\/77836"}],"wp:attachment":[{"href":"https:\/\/cdnoticias.com\/index.php\/wp-json\/wp\/v2\/media?parent=77835"}],"wp:term":[{"taxonomy":"category","embeddable":true,"href":"https:\/\/cdnoticias.com\/index.php\/wp-json\/wp\/v2\/categories?post=77835"},{"taxonomy":"post_tag","embeddable":true,"href":"https:\/\/cdnoticias.com\/index.php\/wp-json\/wp\/v2\/tags?post=77835"}],"curies":[{"name":"wp","href":"https:\/\/api.w.org\/{rel}","templated":true}]}}