{"id":77823,"date":"2023-02-25T09:16:33","date_gmt":"2023-02-25T12:16:33","guid":{"rendered":"https:\/\/www.centraldenoticias.com.ar\/?p=77823"},"modified":"2023-02-25T13:20:28","modified_gmt":"2023-02-25T16:20:28","slug":"marcelo-spina-me-propusieron-ser-precandidato-a-intendente-y-es-un-desafio-intenso","status":"publish","type":"post","link":"https:\/\/cdnoticias.com\/index.php\/2023\/02\/25\/marcelo-spina-me-propusieron-ser-precandidato-a-intendente-y-es-un-desafio-intenso\/","title":{"rendered":"Marcelo Spina: \u201cme propusieron ser precandidato a Intendente y es un desaf\u00edo intenso\u201d"},"content":{"rendered":"<p>El ex rector y decano de la Facultad de Ingenier\u00eda encabezar\u00e1 una propuesta desde \u201cAdelante Radicales\u201d. El apoyo de Cellillo, Lorden, la cena con la presencia de Maximiliano Abad y su mirada de ciudad. <!--more--><\/p>\n<hr \/>\n<p>El 9 de marzo <strong>Maximiliano Abad y Alfonso Prat Gay estar\u00e1n en Olavarr\u00eda, en una cena impulsada por el espacio \u201cAdelante Radicales\u201d.<\/strong> Lo que parec\u00eda una nota con el dirigente Marcelo Spina sobre dicho encuentro, se transform\u00f3<strong> en el anuncio oficial del lanzamiento como precandidato a Intendente dentro del espacio radical, con expectativas, apoyos y una mirada cr\u00edtica sobre la ciudad y su posible desarrollo desde la industria del conocimiento.<\/strong><\/p>\n<p>&nbsp;<\/p>\n<p>En la redacci\u00f3n de<strong> Central de Noticias<\/strong>, Spina adelant\u00f3 detalles de lo que ser\u00e1 la cena del radicalismo, su protagonismo dentro de Juntos, el di\u00e1logo con el oficialismo de la UCR (Bel\u00e9n Vergel le gan\u00f3 la interna en 2022) y su proyecto de ciudad.<strong> En el medio, su experiencia acad\u00e9mica en la Unicen y c\u00f3mo volvi\u00f3 a la militancia partidaria local.<\/strong><\/p>\n<p>&nbsp;<\/p>\n<p><img data-recalc-dims=\"1\" loading=\"lazy\" decoding=\"async\" class=\"alignnone size-large wp-image-77827\" src=\"https:\/\/i0.wp.com\/cdnoticias.com\/wp-content\/uploads\/2023\/02\/spina-ucr2.jpg?resize=800%2C445&#038;ssl=1\" alt=\"\" width=\"800\" height=\"445\" srcset=\"https:\/\/i0.wp.com\/cdnoticias.com\/wp-content\/uploads\/2023\/02\/spina-ucr2-scaled.jpg?resize=1024%2C570&amp;ssl=1 1024w, https:\/\/i0.wp.com\/cdnoticias.com\/wp-content\/uploads\/2023\/02\/spina-ucr2-scaled.jpg?resize=300%2C167&amp;ssl=1 300w, https:\/\/i0.wp.com\/cdnoticias.com\/wp-content\/uploads\/2023\/02\/spina-ucr2-scaled.jpg?resize=768%2C427&amp;ssl=1 768w, https:\/\/i0.wp.com\/cdnoticias.com\/wp-content\/uploads\/2023\/02\/spina-ucr2-scaled.jpg?resize=1536%2C855&amp;ssl=1 1536w, https:\/\/i0.wp.com\/cdnoticias.com\/wp-content\/uploads\/2023\/02\/spina-ucr2-scaled.jpg?resize=2048%2C1140&amp;ssl=1 2048w, https:\/\/i0.wp.com\/cdnoticias.com\/wp-content\/uploads\/2023\/02\/spina-ucr2-scaled.jpg?resize=800%2C445&amp;ssl=1 800w, https:\/\/i0.wp.com\/cdnoticias.com\/wp-content\/uploads\/2023\/02\/spina-ucr2-scaled.jpg?w=1600&amp;ssl=1 1600w, https:\/\/i0.wp.com\/cdnoticias.com\/wp-content\/uploads\/2023\/02\/spina-ucr2-scaled.jpg?w=2400&amp;ssl=1 2400w\" sizes=\"auto, (max-width: 800px) 100vw, 800px\" \/><\/p>\n<p>&nbsp;<\/p>\n<p><strong>-\u00bfC\u00f3mo llega nuevamente a la militancia partidaria en Olavarr\u00eda? Fue rector, fue decano de Ingenier\u00eda\u2026<\/strong><\/p>\n<p>&nbsp;<\/p>\n<p>-Tomamos una decisi\u00f3n muy madura que es la de luego de terminar dos mandatos seguidos en la gesti\u00f3n de la Facultad de Ingenier\u00eda (m\u00e1s de dos no corresponde, no hay incentivos y es necesario recambios) di un paso al costado en la academia, en lo institucional. Y apareci\u00f3 esta convocatoria de un grupo fant\u00e1stico del radicalismo, que eran dos agrupaciones que confluyeron y nos invitaron, hac\u00eda a\u00f1os que no ten\u00edamos militancia activa.<\/p>\n<p>&nbsp;<\/p>\n<p><strong>-Tras perder la interna en 2022, \u00bfc\u00f3mo continu\u00f3 eso? \u00bfC\u00f3mo los encuentra este a\u00f1o?<\/strong><\/p>\n<p>&nbsp;<\/p>\n<p>-Con este equipo cerramos el a\u00f1o con una cena, festejando e iniciamos el 2023 con reuniones importantes y nos dimos cuenta que hay recurso comprometido con muchas ganas para encarar algo seriamente. Lo primero que se defini\u00f3 es que nuestro espacio tenga un protagonismo municipal y seccional. Buscar los apoyos para esto, por eso hemos ido a ver al Presidente del Partido, Maximiliano Abad (que vendr\u00e1 el 9 de marzo) junto con Alfonso Prat Gay y legisladores seccionales y as\u00ed nuestro espacio puede competir.<\/p>\n<p>&nbsp;<\/p>\n<blockquote><p>La segunda gran decisi\u00f3n es que me est\u00e1n proponiendo que sea precandidato a Intendente y encabece este proyecto. Es un desaf\u00edo intenso, si bien uno tiene una cierta din\u00e1mica y actividad en otro \u00e1mbito, ya pasar a este campo es atractivo, pero tambi\u00e9n desafiante.<\/p><\/blockquote>\n<p>&nbsp;<\/p>\n<p><strong>&#8211; \u00bfQu\u00e9 significa para vos en lo personal ser precandidato?<\/strong><\/p>\n<p>&nbsp;<\/p>\n<p>-Me encuentra bien, m\u00e1s maduro que en otras oportunidades (risas) pero con muchas cosas en la cabeza que he visto a lo largo de mi gesti\u00f3n institucional que el Municipio no acompa\u00f1aba o ve\u00eda cosas que pod\u00edan llevarse a la pr\u00e1ctica desde el \u00e1mbito de la pol\u00edtica municipal que ahora podr\u00edan llegar a tener la oportunidad de transformarlo en realidad. En lo personal me siento satisfecho, es una gran responsabilidad, s\u00e9 lo que significa y s\u00e9 a lo que me expongo. Hay gente que recomienda y aconseja no meterse\u2026es moneda corriente, pero al mismo tiempo los que me conocen saben de mi desaf\u00edo y me estimulan para ir para adelante.<\/p>\n<p>&nbsp;<\/p>\n<p><img data-recalc-dims=\"1\" loading=\"lazy\" decoding=\"async\" class=\"alignnone size-large wp-image-77830\" src=\"https:\/\/i0.wp.com\/cdnoticias.com\/wp-content\/uploads\/2023\/02\/spina-ucr5.jpg?resize=800%2C445&#038;ssl=1\" alt=\"\" width=\"800\" height=\"445\" srcset=\"https:\/\/i0.wp.com\/cdnoticias.com\/wp-content\/uploads\/2023\/02\/spina-ucr5-scaled.jpg?resize=1024%2C570&amp;ssl=1 1024w, https:\/\/i0.wp.com\/cdnoticias.com\/wp-content\/uploads\/2023\/02\/spina-ucr5-scaled.jpg?resize=300%2C167&amp;ssl=1 300w, https:\/\/i0.wp.com\/cdnoticias.com\/wp-content\/uploads\/2023\/02\/spina-ucr5-scaled.jpg?resize=768%2C427&amp;ssl=1 768w, https:\/\/i0.wp.com\/cdnoticias.com\/wp-content\/uploads\/2023\/02\/spina-ucr5-scaled.jpg?resize=1536%2C854&amp;ssl=1 1536w, https:\/\/i0.wp.com\/cdnoticias.com\/wp-content\/uploads\/2023\/02\/spina-ucr5-scaled.jpg?resize=2048%2C1139&amp;ssl=1 2048w, https:\/\/i0.wp.com\/cdnoticias.com\/wp-content\/uploads\/2023\/02\/spina-ucr5-scaled.jpg?resize=800%2C445&amp;ssl=1 800w, https:\/\/i0.wp.com\/cdnoticias.com\/wp-content\/uploads\/2023\/02\/spina-ucr5-scaled.jpg?w=1600&amp;ssl=1 1600w, https:\/\/i0.wp.com\/cdnoticias.com\/wp-content\/uploads\/2023\/02\/spina-ucr5-scaled.jpg?w=2400&amp;ssl=1 2400w\" sizes=\"auto, (max-width: 800px) 100vw, 800px\" \/><\/p>\n<p>&nbsp;<\/p>\n<p><strong>&#8211; \u00bfQu\u00e9 opina de la llegada de dirigentes a la cena del 9 de marzo? Maximiliano Abad, Prat Gay, los legisladores de la S\u00e9ptima Secci\u00f3n Alejandro Cellillo y Alejandra Lorden\u2026<\/strong><\/p>\n<p>&nbsp;<\/p>\n<p>-Es una fortaleza, no estamos nadando en una pileta que no tiene agua. Esto significa que viene el Presidente del Partido, uno de los precandidatos a gobernador que ya tiene la Provincia. Dirigentes de fuste, Lorden, Cellillo y otros intendentes que nos van a acompa\u00f1ar. Es un espaldarazo para encontrar en ellos los apoyos necesarios para seguir adelante.<\/p>\n<p>&nbsp;<\/p>\n<p><strong>&#8211; \u00bfQu\u00e9 ciudad encontr\u00e1s en este momento de \u201clanzamiento\u201d de tu precandidatura?<\/strong><\/p>\n<p>&nbsp;<\/p>\n<p>-Nac\u00ed en Olavarr\u00eda, por lo cual tengo recuerdo prolongado m\u00e1s all\u00e1 de mis cuatro a\u00f1os en Tandil (NdeR: fue rector de la Unicen). La veo con much\u00edsimo potencial, con actores diversos distribuidos que deber\u00edan estar en la mesa de la decisi\u00f3n para modernizar este proyecto de ciudad. Le dar\u00eda m\u00e1s trabajo a la gente, podr\u00eda ser una ciudad atractora de recursos humanos calificados. Hoy veo una administraci\u00f3n que deja que an\u00e1rquicamente estos sectores se muevan libremente cuando el Estado tiene una funci\u00f3n ordenadora importante.<\/p>\n<p>&nbsp;<\/p>\n<p><img data-recalc-dims=\"1\" loading=\"lazy\" decoding=\"async\" class=\"alignnone size-large wp-image-77825\" src=\"https:\/\/i0.wp.com\/cdnoticias.com\/wp-content\/uploads\/2023\/02\/spina-ucr.jpg?resize=800%2C445&#038;ssl=1\" alt=\"\" width=\"800\" height=\"445\" srcset=\"https:\/\/i0.wp.com\/cdnoticias.com\/wp-content\/uploads\/2023\/02\/spina-ucr-scaled.jpg?resize=1024%2C570&amp;ssl=1 1024w, https:\/\/i0.wp.com\/cdnoticias.com\/wp-content\/uploads\/2023\/02\/spina-ucr-scaled.jpg?resize=300%2C167&amp;ssl=1 300w, https:\/\/i0.wp.com\/cdnoticias.com\/wp-content\/uploads\/2023\/02\/spina-ucr-scaled.jpg?resize=768%2C427&amp;ssl=1 768w, https:\/\/i0.wp.com\/cdnoticias.com\/wp-content\/uploads\/2023\/02\/spina-ucr-scaled.jpg?resize=1536%2C855&amp;ssl=1 1536w, https:\/\/i0.wp.com\/cdnoticias.com\/wp-content\/uploads\/2023\/02\/spina-ucr-scaled.jpg?resize=2048%2C1140&amp;ssl=1 2048w, https:\/\/i0.wp.com\/cdnoticias.com\/wp-content\/uploads\/2023\/02\/spina-ucr-scaled.jpg?resize=800%2C445&amp;ssl=1 800w, https:\/\/i0.wp.com\/cdnoticias.com\/wp-content\/uploads\/2023\/02\/spina-ucr-scaled.jpg?w=1600&amp;ssl=1 1600w, https:\/\/i0.wp.com\/cdnoticias.com\/wp-content\/uploads\/2023\/02\/spina-ucr-scaled.jpg?w=2400&amp;ssl=1 2400w\" sizes=\"auto, (max-width: 800px) 100vw, 800px\" \/><\/p>\n<p>&nbsp;<\/p>\n<p><strong>&#8211; \u00bfEse orden es solo de la industria? \u00bfO cree que hay m\u00e1s en juego?<\/strong><\/p>\n<p>&nbsp;<\/p>\n<p>-Creo que todos los sectores est\u00e1n trabajando en sus \u00e1mbitos no totalmente coordinado. Uno de ellos es el sector pyme que tiene una organizaci\u00f3n industrial muy activa, pero cuando uno la piensa a la ciudad como un proyecto de econom\u00eda del conocimiento eso abarca industria, nuevas industrias, start up, spin off, hay empresarios que son capaces de llevarlo a la pr\u00e1ctica y el sistema educativo desordenado, tambi\u00e9n. Por pertenecer a distintas jurisdicciones no hay una l\u00ednea ordenadora para apoyar esta gesti\u00f3n. En esto que es la gesti\u00f3n del conocimiento va\u00a0 a ser un eje clave para ordenar un proyecto pol\u00edtico institucional que busca una ciudad mucho m\u00e1s moderna y atractiva. Que vuelva a tomar estas ventajas en la regi\u00f3n, sea diversa, metalmec\u00e1nica, ganadera, extractiva, educativa, universitaria. Es una mina de oro como ciudad, envidiable en muchos casos. Aun as\u00ed falta mucha informaci\u00f3n para tomar decisiones. Es una gran deficiencia que se tiene. No est\u00e1n los datos del Censo, por ejemplo, el PBI, qu\u00e9 sectores abordar fuertemente. El Estado Municipal tiene que tener un rol m\u00e1s activo en la gesti\u00f3n.<\/p>\n<p>&nbsp;<\/p>\n<p><strong>-En lo pol\u00edtico se viene una etapa de debates: se encuentra dentro de Juntos, est\u00e1 el oficialismo radical que triunf\u00f3 luego de la interna el a\u00f1o pasado\u2026 \u00bfC\u00f3mo se ve en ese escenario?<\/strong><\/p>\n<p>&nbsp;<\/p>\n<p>-Creo que muy bien. Independientemente si se logra un acuerdo entre el radicalismo y el Pro que ser\u00edan los partidos m\u00e1s fuertes de la coalici\u00f3n y habr\u00e1 que ver c\u00f3mo viene desde arriba, si con mandatos o la Provincia y los territorios definir\u00e1n sus propias formas de coalici\u00f3n. Si ser\u00e1 una coalici\u00f3n de gobierno concreta cambiar\u00edan los debates hacia el interior. Pero b\u00e1sicamente lo que veo en el horizonte es que habr\u00e1 dos sectores dentro de Juntos. El Pro y la UCR, un radicalismo nuevo que empez\u00f3 a encarnar Facundo Manes con su llegada a la pol\u00edtica y que de alguna manera vuelve a tomar banderas del radicalismo tradicional.<\/p>\n<p>&nbsp;<\/p>\n<p><img data-recalc-dims=\"1\" loading=\"lazy\" decoding=\"async\" class=\"alignnone size-large wp-image-77829\" src=\"https:\/\/i0.wp.com\/cdnoticias.com\/wp-content\/uploads\/2023\/02\/spina-ucr4.jpg?resize=800%2C445&#038;ssl=1\" alt=\"\" width=\"800\" height=\"445\" srcset=\"https:\/\/i0.wp.com\/cdnoticias.com\/wp-content\/uploads\/2023\/02\/spina-ucr4-scaled.jpg?resize=1024%2C570&amp;ssl=1 1024w, https:\/\/i0.wp.com\/cdnoticias.com\/wp-content\/uploads\/2023\/02\/spina-ucr4-scaled.jpg?resize=300%2C167&amp;ssl=1 300w, https:\/\/i0.wp.com\/cdnoticias.com\/wp-content\/uploads\/2023\/02\/spina-ucr4-scaled.jpg?resize=768%2C427&amp;ssl=1 768w, https:\/\/i0.wp.com\/cdnoticias.com\/wp-content\/uploads\/2023\/02\/spina-ucr4-scaled.jpg?resize=1536%2C855&amp;ssl=1 1536w, https:\/\/i0.wp.com\/cdnoticias.com\/wp-content\/uploads\/2023\/02\/spina-ucr4-scaled.jpg?resize=2048%2C1140&amp;ssl=1 2048w, https:\/\/i0.wp.com\/cdnoticias.com\/wp-content\/uploads\/2023\/02\/spina-ucr4-scaled.jpg?resize=800%2C445&amp;ssl=1 800w, https:\/\/i0.wp.com\/cdnoticias.com\/wp-content\/uploads\/2023\/02\/spina-ucr4-scaled.jpg?w=1600&amp;ssl=1 1600w, https:\/\/i0.wp.com\/cdnoticias.com\/wp-content\/uploads\/2023\/02\/spina-ucr4-scaled.jpg?w=2400&amp;ssl=1 2400w\" sizes=\"auto, (max-width: 800px) 100vw, 800px\" \/><\/p>\n<p>&nbsp;<\/p>\n<p><strong>&#8211; \u00bfLa llegada de Manes empuj\u00f3 al grupo a volcarse a la pol\u00edtica partidaria?<\/strong><\/p>\n<p>&nbsp;<\/p>\n<p>-Facundo Manes nos permiti\u00f3 ver que el radicalismo tomaba musculatura. Que era lo que le estaba faltando. Y que se estaban volviendo a retomar algunas banderas hist\u00f3ricas, no tanto de venir en el vag\u00f3n de cola de este tren que era la coalici\u00f3n, donde el radicalismo qued\u00f3 diezmado. No s\u00e9 si el gran inspirador, pero que moviliz\u00f3 de otra forma el partido si, seguro.<\/p>\n<p>&nbsp;<\/p>\n<p><strong>-Con respecto a la cena, \u00bfqu\u00e9 expectativas tienen? \u00bfHabr\u00e1 agenda por fuera con los dirigentes?<\/strong><\/p>\n<p>&nbsp;<\/p>\n<p>-Vamos a hacer recorrida con pymes, sectores educativos, ONG de mujeres previamente a la cena. En la misma cena estamos convocando, tiene una entrada muy econ\u00f3mica para que pueda participar la mayor gente posible, la hacemos en Mariano Moreno y veremos cu\u00e1nta cantidad de gente participar\u00e1 para ver los espacios necesarios. Tras el anuncio en las redes tenemos mucha gente autoconvocada y es muy bueno para esto que estamos lanzando, donde se reflejar\u00e1 que el radicalismo en Olavarr\u00eda est\u00e1 vivo.<\/p>\n","protected":false},"excerpt":{"rendered":"<p>El ex rector y decano de la Facultad de Ingenier\u00eda encabezar\u00e1 una propuesta desde \u201cAdelante Radicales\u201d. El apoyo de Cellillo,<\/p>\n","protected":false},"author":2,"featured_media":77828,"comment_status":"closed","ping_status":"closed","sticky":false,"template":"","format":"standard","meta":{"_jetpack_memberships_contains_paid_content":false,"footnotes":""},"categories":[4,1],"tags":[],"class_list":["post-77823","post","type-post","status-publish","format-standard","has-post-thumbnail","hentry","category-politica","category-portada"],"jetpack_featured_media_url":"https:\/\/i0.wp.com\/cdnoticias.com\/wp-content\/uploads\/2023\/02\/spina-ucr3-scaled.jpg?fit=2560%2C1424&ssl=1","jetpack_sharing_enabled":true,"_links":{"self":[{"href":"https:\/\/cdnoticias.com\/index.php\/wp-json\/wp\/v2\/posts\/77823","targetHints":{"allow":["GET"]}}],"collection":[{"href":"https:\/\/cdnoticias.com\/index.php\/wp-json\/wp\/v2\/posts"}],"about":[{"href":"https:\/\/cdnoticias.com\/index.php\/wp-json\/wp\/v2\/types\/post"}],"author":[{"embeddable":true,"href":"https:\/\/cdnoticias.com\/index.php\/wp-json\/wp\/v2\/users\/2"}],"replies":[{"embeddable":true,"href":"https:\/\/cdnoticias.com\/index.php\/wp-json\/wp\/v2\/comments?post=77823"}],"version-history":[{"count":0,"href":"https:\/\/cdnoticias.com\/index.php\/wp-json\/wp\/v2\/posts\/77823\/revisions"}],"wp:featuredmedia":[{"embeddable":true,"href":"https:\/\/cdnoticias.com\/index.php\/wp-json\/wp\/v2\/media\/77828"}],"wp:attachment":[{"href":"https:\/\/cdnoticias.com\/index.php\/wp-json\/wp\/v2\/media?parent=77823"}],"wp:term":[{"taxonomy":"category","embeddable":true,"href":"https:\/\/cdnoticias.com\/index.php\/wp-json\/wp\/v2\/categories?post=77823"},{"taxonomy":"post_tag","embeddable":true,"href":"https:\/\/cdnoticias.com\/index.php\/wp-json\/wp\/v2\/tags?post=77823"}],"curies":[{"name":"wp","href":"https:\/\/api.w.org\/{rel}","templated":true}]}}