{"id":77804,"date":"2023-02-25T19:00:12","date_gmt":"2023-02-25T22:00:12","guid":{"rendered":"https:\/\/www.centraldenoticias.com.ar\/?p=77804"},"modified":"2023-02-25T19:00:12","modified_gmt":"2023-02-25T22:00:12","slug":"cierre-de-la-temporada-de-verano-del-centro-de-jubilados-y-pensionados-municipales","status":"publish","type":"post","link":"https:\/\/cdnoticias.com\/index.php\/2023\/02\/25\/cierre-de-la-temporada-de-verano-del-centro-de-jubilados-y-pensionados-municipales\/","title":{"rendered":"Cierre de la temporada de verano del Centro de Jubilados y Pensionados Municipales"},"content":{"rendered":"<p>\u201cNo tengo palabras para agradecer al Sindicato y a toda la gente que trabaj\u00f3 en el complejo&#8221; expres\u00f3 Coca Prestipino, la presidenta del Centro de Jubilados y Pensionados Municipales.<!--more--><\/p>\n<hr \/>\n<p>Este jueves, <strong>El Centro de Jubilados y Pensionados Municipales<\/strong> de Olavarr\u00eda <strong>cerr\u00f3 la temporada de verano <\/strong>en el Complejo Sindical Recreativo del Sindicato de Trabajadores Municipales de Olavarr\u00eda.<\/p>\n<p>&nbsp;<\/p>\n<p>&#8220;Hubo actividades en el agua para poder disfrutar las piletas, mate y merienda compartida, sketchs, canciones de Mar\u00eda Teresa Garay, cuentos de Coca Prestipino, imitaciones y much\u00edsima alegr\u00eda durante toda la tarde. A la noche, una riqu\u00edsima cena con pollo, chorizos, ensaladas, helados y tortas. Todo acompa\u00f1ado por la m\u00fasica, el baile y los jubilados y pensionados que se animaron a cantar para la despedida de una hermosa temporada&#8221; se indic\u00f3.<\/p>\n<p>&nbsp;<\/p>\n<p><em><strong>\u201cNo tengo palabras para agradecer al Sindicato y a toda la gente que trabaj\u00f3 en el complejo para que pudi\u00e9ramos disfrutar todo el verano de la manera que lo hicimos. Es gente maravillosa y la verdad que a nuestra edad son cosas que llenan el alma\u201d <\/strong><\/em>expres\u00f3 <strong>Coca Prestipino<\/strong>, presidenta del Centro de Jubilados y Pensionados Municipales.<\/p>\n<p>&nbsp;<\/p>\n<p>A lo largo del verano, una veintena de afiliados concurrieron al predio del STMO y participaron de numerosas actividades programadas, bajo la coordinaci\u00f3n de la profesora Lucrecia. \u201c<em>Una persona encantadora, que nos tuvo much\u00edsima paciencia, nos llen\u00f3 de energ\u00eda y propuestas, nos acompa\u00f1\u00f3. La verdad que es maravillosa, tanto ella como todo el equipo de trabajo, desde los choferes que nos llevaban y tra\u00edan hasta quienes nos recib\u00edan con tanto amor en el predio<\/em>\u201d cerr\u00f3<strong> Coca Prestipino.\u00a0<\/strong><\/p>\n","protected":false},"excerpt":{"rendered":"<p>\u201cNo tengo palabras para agradecer al Sindicato y a toda la gente que trabaj\u00f3 en el complejo&#8221; expres\u00f3 Coca Prestipino,<\/p>\n","protected":false},"author":6,"featured_media":77805,"comment_status":"closed","ping_status":"closed","sticky":false,"template":"","format":"standard","meta":{"_jetpack_memberships_contains_paid_content":false,"footnotes":""},"categories":[5,1],"tags":[],"class_list":["post-77804","post","type-post","status-publish","format-standard","has-post-thumbnail","hentry","category-informacion-general","category-portada"],"jetpack_featured_media_url":"https:\/\/i0.wp.com\/cdnoticias.com\/wp-content\/uploads\/2023\/02\/2a396318-d848-4531-a090-335ae694fa8a.jpg?fit=720%2C509&ssl=1","jetpack_sharing_enabled":true,"_links":{"self":[{"href":"https:\/\/cdnoticias.com\/index.php\/wp-json\/wp\/v2\/posts\/77804","targetHints":{"allow":["GET"]}}],"collection":[{"href":"https:\/\/cdnoticias.com\/index.php\/wp-json\/wp\/v2\/posts"}],"about":[{"href":"https:\/\/cdnoticias.com\/index.php\/wp-json\/wp\/v2\/types\/post"}],"author":[{"embeddable":true,"href":"https:\/\/cdnoticias.com\/index.php\/wp-json\/wp\/v2\/users\/6"}],"replies":[{"embeddable":true,"href":"https:\/\/cdnoticias.com\/index.php\/wp-json\/wp\/v2\/comments?post=77804"}],"version-history":[{"count":0,"href":"https:\/\/cdnoticias.com\/index.php\/wp-json\/wp\/v2\/posts\/77804\/revisions"}],"wp:featuredmedia":[{"embeddable":true,"href":"https:\/\/cdnoticias.com\/index.php\/wp-json\/wp\/v2\/media\/77805"}],"wp:attachment":[{"href":"https:\/\/cdnoticias.com\/index.php\/wp-json\/wp\/v2\/media?parent=77804"}],"wp:term":[{"taxonomy":"category","embeddable":true,"href":"https:\/\/cdnoticias.com\/index.php\/wp-json\/wp\/v2\/categories?post=77804"},{"taxonomy":"post_tag","embeddable":true,"href":"https:\/\/cdnoticias.com\/index.php\/wp-json\/wp\/v2\/tags?post=77804"}],"curies":[{"name":"wp","href":"https:\/\/api.w.org\/{rel}","templated":true}]}}