{"id":77782,"date":"2023-02-27T08:41:57","date_gmt":"2023-02-27T11:41:57","guid":{"rendered":"https:\/\/www.centraldenoticias.com.ar\/?p=77782"},"modified":"2023-02-27T08:41:57","modified_gmt":"2023-02-27T11:41:57","slug":"escuela-para-emprendedores-la-minga-brindara-una-capacitacion","status":"publish","type":"post","link":"https:\/\/cdnoticias.com\/index.php\/2023\/02\/27\/escuela-para-emprendedores-la-minga-brindara-una-capacitacion\/","title":{"rendered":"Escuela para emprendedores La Minga brindar\u00e1 una capacitaci\u00f3n"},"content":{"rendered":"<p>Tratar\u00e1 sobre Econom\u00eda Social. Ser\u00e1 el martes 28 de febrero en la Sociedad de Fomento Mariano Moreno. C\u00f3mo inscribirse. <!--more--><\/p>\n<hr \/>\n<p>La Escuela para emprendedores <strong>La Minga<\/strong> realizar\u00e1 su <strong>primera capacitaci\u00f3n <\/strong>del a\u00f1o titulada &#8220;Econom\u00eda Social&#8221;.<\/p>\n<p>&nbsp;<\/p>\n<p>La capacitaci\u00f3n ser\u00e1 el <strong>martes<\/strong> <strong>28 de febrero<\/strong> en la <strong>Sociedad de Fomento Mariano Moreno,<\/strong> a partir de las <strong>15 horas.\u00a0<\/strong><\/p>\n<p>&nbsp;<\/p>\n<p>Los interesados e interesadas en inscribirse se podr\u00e1n comunicar con el n\u00famero de tel\u00e9fono<strong> 2284-612514.<\/strong><\/p>\n<p>&nbsp;<\/p>\n","protected":false},"excerpt":{"rendered":"<p>Tratar\u00e1 sobre Econom\u00eda Social. Ser\u00e1 el martes 28 de febrero en la Sociedad de Fomento Mariano Moreno. C\u00f3mo inscribirse.<\/p>\n","protected":false},"author":6,"featured_media":76965,"comment_status":"closed","ping_status":"closed","sticky":false,"template":"","format":"standard","meta":{"_jetpack_memberships_contains_paid_content":false,"footnotes":""},"categories":[5,1],"tags":[],"class_list":["post-77782","post","type-post","status-publish","format-standard","has-post-thumbnail","hentry","category-informacion-general","category-portada"],"jetpack_featured_media_url":"https:\/\/i0.wp.com\/cdnoticias.com\/wp-content\/uploads\/2023\/02\/mariano-moreno-01-scaled.jpg?fit=2560%2C1424&ssl=1","jetpack_sharing_enabled":true,"_links":{"self":[{"href":"https:\/\/cdnoticias.com\/index.php\/wp-json\/wp\/v2\/posts\/77782","targetHints":{"allow":["GET"]}}],"collection":[{"href":"https:\/\/cdnoticias.com\/index.php\/wp-json\/wp\/v2\/posts"}],"about":[{"href":"https:\/\/cdnoticias.com\/index.php\/wp-json\/wp\/v2\/types\/post"}],"author":[{"embeddable":true,"href":"https:\/\/cdnoticias.com\/index.php\/wp-json\/wp\/v2\/users\/6"}],"replies":[{"embeddable":true,"href":"https:\/\/cdnoticias.com\/index.php\/wp-json\/wp\/v2\/comments?post=77782"}],"version-history":[{"count":0,"href":"https:\/\/cdnoticias.com\/index.php\/wp-json\/wp\/v2\/posts\/77782\/revisions"}],"wp:featuredmedia":[{"embeddable":true,"href":"https:\/\/cdnoticias.com\/index.php\/wp-json\/wp\/v2\/media\/76965"}],"wp:attachment":[{"href":"https:\/\/cdnoticias.com\/index.php\/wp-json\/wp\/v2\/media?parent=77782"}],"wp:term":[{"taxonomy":"category","embeddable":true,"href":"https:\/\/cdnoticias.com\/index.php\/wp-json\/wp\/v2\/categories?post=77782"},{"taxonomy":"post_tag","embeddable":true,"href":"https:\/\/cdnoticias.com\/index.php\/wp-json\/wp\/v2\/tags?post=77782"}],"curies":[{"name":"wp","href":"https:\/\/api.w.org\/{rel}","templated":true}]}}