{"id":77760,"date":"2023-02-24T11:51:32","date_gmt":"2023-02-24T14:51:32","guid":{"rendered":"https:\/\/www.centraldenoticias.com.ar\/?p=77760"},"modified":"2023-02-24T17:09:36","modified_gmt":"2023-02-24T20:09:36","slug":"sorpresa-en-el-allanamiento-se-encontraron-con-una-decena-de-plantas-de-marihuana","status":"publish","type":"post","link":"https:\/\/cdnoticias.com\/index.php\/2023\/02\/24\/sorpresa-en-el-allanamiento-se-encontraron-con-una-decena-de-plantas-de-marihuana\/","title":{"rendered":"Sorpresa en el allanamiento: se encontraron con una decena de plantas de marihuana"},"content":{"rendered":"<p>El personal de la SUB DDI de Olavarr\u00eda llev\u00f3 adelante los operativos por un caso de \u201churto\u201d. Pero en el domicilio hallaron las plantas y tambi\u00e9n secuestraron un block de motor.<!--more--><\/p>\n<hr \/>\n<p>Efectivos policiales de la <strong>SUB DDI de Olavarr\u00eda<\/strong> ingresaron a un domicilio de nuestra ciudad por una causa penal por \u201churto\u201d, pero all\u00ed <strong>dieron con una importante cantidad de plantas de marihuana.<\/strong><\/p>\n<p>&nbsp;<\/p>\n<p>Seg\u00fan se dio a conocer, este jueves en horas de la ma\u00f1ana el personal de Grupos Operativos de\u00a0 dicha dependencia <strong>procedi\u00f3 a hacer efectivos dos allanamientos<\/strong>. Fueron solicitados por la Ayudant\u00eda Fiscal de Autores Ignorados, a cargo de la doctora Mirta Deroni.<\/p>\n<p>&nbsp;<\/p>\n<blockquote><p>Sin embargo, los investigadores se encontraron con numerosas plantas de marihuana las cuales fueron secuestradas. Se indic\u00f3 que su pesaje total arroj\u00f3 48 kilos aproximadamente.<\/p><\/blockquote>\n<p>&nbsp;<\/p>\n<p>Se dio intervenci\u00f3n a la <strong>UFI N\u00ba 19 de especialidad en drogas il\u00edcitas a cargo del fiscal Lucas Moyano.<\/strong><\/p>\n<p>&nbsp;<\/p>\n<p>Tambi\u00e9n se efectu\u00f3 la<strong> incautaci\u00f3n de un block de motor cuya numeraci\u00f3n se hallaba suprimida<\/strong>.<\/p>\n<p>&nbsp;<\/p>\n<p>La medida hab\u00eda sido otorgada por el Juzgado de Garant\u00edas N\u00ba 02 a cargo del juez Carlos Villamar\u00edn. Particip\u00f3 tambi\u00e9n personal de<em> Gabinete externo de Comisar\u00eda Segunda Local, GAD, CPR, y Motopolic\u00edas de UPPL.<\/em><\/p>\n<p>&nbsp;<\/p>\n","protected":false},"excerpt":{"rendered":"<p>El personal de la SUB DDI de Olavarr\u00eda llev\u00f3 adelante los operativos por un caso de \u201churto\u201d. Pero en el<\/p>\n","protected":false},"author":4,"featured_media":77761,"comment_status":"closed","ping_status":"closed","sticky":false,"template":"","format":"standard","meta":{"_jetpack_memberships_contains_paid_content":false,"footnotes":""},"categories":[14,1],"tags":[],"class_list":["post-77760","post","type-post","status-publish","format-standard","has-post-thumbnail","hentry","category-policiales","category-portada"],"jetpack_featured_media_url":"https:\/\/i0.wp.com\/cdnoticias.com\/wp-content\/uploads\/2023\/02\/allanamiento-marihuana-01.jpg?fit=800%2C445&ssl=1","jetpack_sharing_enabled":true,"_links":{"self":[{"href":"https:\/\/cdnoticias.com\/index.php\/wp-json\/wp\/v2\/posts\/77760","targetHints":{"allow":["GET"]}}],"collection":[{"href":"https:\/\/cdnoticias.com\/index.php\/wp-json\/wp\/v2\/posts"}],"about":[{"href":"https:\/\/cdnoticias.com\/index.php\/wp-json\/wp\/v2\/types\/post"}],"author":[{"embeddable":true,"href":"https:\/\/cdnoticias.com\/index.php\/wp-json\/wp\/v2\/users\/4"}],"replies":[{"embeddable":true,"href":"https:\/\/cdnoticias.com\/index.php\/wp-json\/wp\/v2\/comments?post=77760"}],"version-history":[{"count":0,"href":"https:\/\/cdnoticias.com\/index.php\/wp-json\/wp\/v2\/posts\/77760\/revisions"}],"wp:featuredmedia":[{"embeddable":true,"href":"https:\/\/cdnoticias.com\/index.php\/wp-json\/wp\/v2\/media\/77761"}],"wp:attachment":[{"href":"https:\/\/cdnoticias.com\/index.php\/wp-json\/wp\/v2\/media?parent=77760"}],"wp:term":[{"taxonomy":"category","embeddable":true,"href":"https:\/\/cdnoticias.com\/index.php\/wp-json\/wp\/v2\/categories?post=77760"},{"taxonomy":"post_tag","embeddable":true,"href":"https:\/\/cdnoticias.com\/index.php\/wp-json\/wp\/v2\/tags?post=77760"}],"curies":[{"name":"wp","href":"https:\/\/api.w.org\/{rel}","templated":true}]}}