{"id":77756,"date":"2023-02-25T14:30:24","date_gmt":"2023-02-25T17:30:24","guid":{"rendered":"https:\/\/www.centraldenoticias.com.ar\/?p=77756"},"modified":"2023-02-25T17:00:56","modified_gmt":"2023-02-25T20:00:56","slug":"programa-hogar-se-encuentra-en-proceso-de-revision-y-reempadronamiento","status":"publish","type":"post","link":"https:\/\/cdnoticias.com\/index.php\/2023\/02\/25\/programa-hogar-se-encuentra-en-proceso-de-revision-y-reempadronamiento\/","title":{"rendered":"Programa Hogar: se encuentra en \u201cproceso de revisi\u00f3n y reempadronamiento\u201d"},"content":{"rendered":"<p>As\u00ed fue confirmado por el diario El Cronista. Desde el gobierno municipal denunciaron la suspensi\u00f3n y pidieron la resoluci\u00f3n de la problem\u00e1tica.<!--more--><\/p>\n<hr \/>\n<p>La Subsecretaria de Desarrollo Social de Olavarr\u00eda, <a href=\"https:\/\/cdnoticias.com\/index.php\/2023\/02\/22\/silvana-rosales-nos-preocupa-la-suspension-de-anses-del-programa-hogar\/\" target=\"_blank\" rel=\"noopener\">Silvana Rosales denunci\u00f3 la suspensi\u00f3n del programa Hogar<\/a> que brinda la ANSES y manifest\u00f3 \u201cpreocupaci\u00f3n\u201d ante la medida que \u201cno sabemos si corresponde a un recorte presupuestario del ministerio de econom\u00eda que comanda Sergio Massa pero <strong>solicitamos a las autoridades nacionales que resuelvan esta problem\u00e1tica<\/strong>\u201d.<\/p>\n<p>&nbsp;<\/p>\n<p>En el mismo sentido se manifestaron desde el <a href=\"https:\/\/cdnoticias.com\/index.php\/2023\/02\/24\/programa-hogar-concejales-de-juntos-se-suman-al-reclamo\/\" target=\"_blank\" rel=\"noopener\">bloque de concejales de Juntos<\/a>, solicitando que <strong>&#8220;resuelvan con premura esta problem\u00e1tica&#8221;.<\/strong><\/p>\n<p>&nbsp;<\/p>\n<p>El <strong>programa Hogar es llevado adelante por la Secretar\u00eda de Energ\u00eda de la Naci\u00f3n desde 2015<\/strong>, alcanza a usuarios de gas en garrafa y se ejecuta con pagos a los beneficiarios a trav\u00e9s de Anses.<\/p>\n<p>&nbsp;<\/p>\n<blockquote><p>Si bien la Secretar\u00eda de Energ\u00eda no emiti\u00f3 un comunicado oficial sobre el tema, desde ANSES informaron a El Cronista que el organismo a cargo de Flavia Royon que el Programa Hogar se encuentra en <strong>&#8220;proceso de revisi\u00f3n y reempadronamiento&#8221;.<\/strong><\/p><\/blockquote>\n<p>&nbsp;<\/p>\n<p>Adem\u00e1s, anticiparon que<strong> pronto se pondr\u00e1 en marcha un esquema p\u00fablico<\/strong> para que aquellos beneficiarios y solicitantes que est\u00e1n en condiciones de percibir el subsidio puedan <strong>reinscribirse a trav\u00e9s del aplicativo Mi Argentina.<\/strong><\/p>\n<p>&nbsp;<\/p>\n<p><img data-recalc-dims=\"1\" loading=\"lazy\" decoding=\"async\" class=\"size-large wp-image-70630 aligncenter\" src=\"https:\/\/i0.wp.com\/cdnoticias.com\/wp-content\/uploads\/2022\/11\/anses.jpg?resize=800%2C530&#038;ssl=1\" alt=\"\" width=\"800\" height=\"530\" srcset=\"https:\/\/i0.wp.com\/cdnoticias.com\/wp-content\/uploads\/2022\/11\/anses.jpg?resize=1024%2C678&amp;ssl=1 1024w, https:\/\/i0.wp.com\/cdnoticias.com\/wp-content\/uploads\/2022\/11\/anses.jpg?resize=300%2C198&amp;ssl=1 300w, https:\/\/i0.wp.com\/cdnoticias.com\/wp-content\/uploads\/2022\/11\/anses.jpg?resize=768%2C508&amp;ssl=1 768w, https:\/\/i0.wp.com\/cdnoticias.com\/wp-content\/uploads\/2022\/11\/anses.jpg?w=1330&amp;ssl=1 1330w\" sizes=\"auto, (max-width: 800px) 100vw, 800px\" \/><\/p>\n<p>&nbsp;<\/p>\n<p><strong>Las caracter\u00edsticas del programa <\/strong><\/p>\n<p><strong>\u00a0<\/strong><\/p>\n<p>Seg\u00fan establece el esp\u00edritu de la iniciativa, <strong>el Gobierno destina esta ayuda econ\u00f3mica a &#8220;familias vulnerables&#8221;<\/strong> a trav\u00e9s de la asignaci\u00f3n de una asistencia monetaria destinada a la compra de la garrafa social y <strong>liquidada mediante el organismo previsional.<\/strong><\/p>\n<p>&nbsp;<\/p>\n<p>Les corresponde a personas que viven en<strong> zonas sin servicio de gas natural o que no se encuentren conectados dentro de la red<\/strong> de distribuci\u00f3n domiciliaria de gas.<\/p>\n<p>&nbsp;<\/p>\n<p>Tambi\u00e9n a <strong>comedores, merenderos, clubes de barrio, centros de atenci\u00f3n infantil y centros comunitarios<\/strong> de todo el pa\u00eds sin servicio de gas natural y que utilizan gas licuado envasado.<\/p>\n<p>&nbsp;<\/p>\n<p><img data-recalc-dims=\"1\" loading=\"lazy\" decoding=\"async\" class=\"aligncenter size-full wp-image-77758\" src=\"https:\/\/i0.wp.com\/cdnoticias.com\/wp-content\/uploads\/2023\/02\/garrafa-telam.jpg?resize=450%2C253&#038;ssl=1\" alt=\"\" width=\"450\" height=\"253\" srcset=\"https:\/\/i0.wp.com\/cdnoticias.com\/wp-content\/uploads\/2023\/02\/garrafa-telam.jpg?w=450&amp;ssl=1 450w, https:\/\/i0.wp.com\/cdnoticias.com\/wp-content\/uploads\/2023\/02\/garrafa-telam.jpg?resize=300%2C169&amp;ssl=1 300w\" sizes=\"auto, (max-width: 450px) 100vw, 450px\" \/><\/p>\n<p><strong>\u00a0<\/strong><\/p>\n<p><strong>Actualizaci\u00f3n de los precios m\u00e1ximos de referencia <\/strong><\/p>\n<p>&nbsp;<\/p>\n<p>En tanto, la Secretar\u00eda de Energ\u00eda hab\u00eda dispuesto un<strong> incremento adicional promedio del 10% de los precios m\u00e1ximos de referencia para la producci\u00f3n, distribuci\u00f3n, fraccionamiento y venta al p\u00fablico<\/strong> para el gas butano y propano envasado en garrafas comprendidos en el Plan Hogar. <strong>La medida fue publicada el 7 de febrero en el Bolet\u00edn Oficial a trav\u00e9s de la resoluci\u00f3n 62\/2023.<\/strong><\/p>\n<p>&nbsp;<\/p>\n<p>En los considerandos de la resoluci\u00f3n se indic\u00f3 que &#8220;teniendo en cuenta la variaci\u00f3n experimentada en los valores asociados a la producci\u00f3n de <strong>GLP (Gas Licuado de Petr\u00f3leo)<\/strong>, as\u00ed como en los costos observados en los segmentos de fraccionamiento, distribuci\u00f3n y comercio minorista, resulta necesario actualizar los precios m\u00e1ximos de referencia&#8221;.<\/p>\n<p>&nbsp;<\/p>\n<p>El ajuste se realiza &#8220;propendiendo a que el precio al consumidor final resulte de los reales costos econ\u00f3micos de la actividad en las distintas etapas, de manera que la prestaci\u00f3n del servicio se realice con las debidas condiciones de calidad y seguridad, siempre manteniendo la protecci\u00f3n de los usuarios vulnerables a trav\u00e9s del Programa Hogar&#8221;, a\u00f1adi\u00f3 la Secretar\u00eda de Energ\u00eda.<\/p>\n<p>&nbsp;<\/p>\n","protected":false},"excerpt":{"rendered":"<p>As\u00ed fue confirmado por el diario El Cronista. Desde el gobierno municipal denunciaron la suspensi\u00f3n y pidieron la resoluci\u00f3n de<\/p>\n","protected":false},"author":5,"featured_media":15256,"comment_status":"closed","ping_status":"closed","sticky":false,"template":"","format":"standard","meta":{"_jetpack_memberships_contains_paid_content":false,"footnotes":""},"categories":[6,1],"tags":[],"class_list":["post-77756","post","type-post","status-publish","format-standard","has-post-thumbnail","hentry","category-nacionales","category-portada"],"jetpack_featured_media_url":"https:\/\/i0.wp.com\/cdnoticias.com\/wp-content\/uploads\/2021\/03\/182709-800x500.jpg?fit=800%2C500&ssl=1","jetpack_sharing_enabled":true,"_links":{"self":[{"href":"https:\/\/cdnoticias.com\/index.php\/wp-json\/wp\/v2\/posts\/77756","targetHints":{"allow":["GET"]}}],"collection":[{"href":"https:\/\/cdnoticias.com\/index.php\/wp-json\/wp\/v2\/posts"}],"about":[{"href":"https:\/\/cdnoticias.com\/index.php\/wp-json\/wp\/v2\/types\/post"}],"author":[{"embeddable":true,"href":"https:\/\/cdnoticias.com\/index.php\/wp-json\/wp\/v2\/users\/5"}],"replies":[{"embeddable":true,"href":"https:\/\/cdnoticias.com\/index.php\/wp-json\/wp\/v2\/comments?post=77756"}],"version-history":[{"count":0,"href":"https:\/\/cdnoticias.com\/index.php\/wp-json\/wp\/v2\/posts\/77756\/revisions"}],"wp:featuredmedia":[{"embeddable":true,"href":"https:\/\/cdnoticias.com\/index.php\/wp-json\/wp\/v2\/media\/15256"}],"wp:attachment":[{"href":"https:\/\/cdnoticias.com\/index.php\/wp-json\/wp\/v2\/media?parent=77756"}],"wp:term":[{"taxonomy":"category","embeddable":true,"href":"https:\/\/cdnoticias.com\/index.php\/wp-json\/wp\/v2\/categories?post=77756"},{"taxonomy":"post_tag","embeddable":true,"href":"https:\/\/cdnoticias.com\/index.php\/wp-json\/wp\/v2\/tags?post=77756"}],"curies":[{"name":"wp","href":"https:\/\/api.w.org\/{rel}","templated":true}]}}