{"id":77698,"date":"2023-02-24T18:32:32","date_gmt":"2023-02-24T21:32:32","guid":{"rendered":"https:\/\/www.centraldenoticias.com.ar\/?p=77698"},"modified":"2023-02-24T18:32:32","modified_gmt":"2023-02-24T21:32:32","slug":"continua-abierta-la-inscripcion-al-ciclo-de-licenciatura-en-relaciones-laborales","status":"publish","type":"post","link":"https:\/\/cdnoticias.com\/index.php\/2023\/02\/24\/continua-abierta-la-inscripcion-al-ciclo-de-licenciatura-en-relaciones-laborales\/","title":{"rendered":"Contin\u00faa abierta la inscripci\u00f3n al Ciclo de Licenciatura en Relaciones Laborales"},"content":{"rendered":"<p>La preinscripci\u00f3n ser\u00e1 hasta el 3 de marzo. La modalidad de cursada ser\u00e1 presencial. <!--more--><\/p>\n<hr \/>\n<p><strong>Hasta el 3 de marzo permanece abierta la preinscripci\u00f3n<\/strong> para la quinta cohorte del Ciclo de Complementaci\u00f3n Curricular <strong>Licenciatura en Relaciones Laborales.<\/strong><\/p>\n<p>&nbsp;<\/p>\n<p>El Ciclo de Complementaci\u00f3n Curricular (CCC) Licenciatura en Relaciones Laborales, carrera con requisitos especiales de admisi\u00f3n, cuenta con reconocimiento oficial del Ministerio de Educaci\u00f3n de la Naci\u00f3n (Resoluci\u00f3n Ministerial 1507\/2011). Tiene una<strong> duraci\u00f3n de 2 a\u00f1os<\/strong> y se dicta a ciclo cerrado, es decir que las materias que se ofrecen en 2023 no volver\u00e1n a dictarse al a\u00f1o siguiente.<\/p>\n<p>&nbsp;<\/p>\n<p>La<strong> modalidad de cursada ser\u00e1 presencial<\/strong> e incluir\u00e1 estrategias mediadas por tecnolog\u00edas, tales como desarrollo de actividades y clases en plataforma moodle Sociales Virtual, en aulas h\u00edbridas dispuestas en sede y\/o clases sincr\u00f3nicas virtuales.<\/p>\n<p>&nbsp;<\/p>\n<p>El<strong> inicio de la cursada se prev\u00e9 para marzo de 2023<\/strong> y los encuentros tendr\u00e1n lugar los<strong> viernes de 18:00 a 22:00<\/strong> y <strong>s\u00e1bados de 9:00 a 13:00.\u00a0<\/strong><\/p>\n<p>&nbsp;<\/p>\n<p><strong>Pasos para la preinscripci\u00f3n<\/strong><\/p>\n<p>&nbsp;<\/p>\n<ul>\n<li>Realizar la preinscripci\u00f3n a trav\u00e9s de m\u00f3dulo de preinscripci\u00f3n de SIU Guaran\u00ed e imprimir el comprobante que genera (tendr\u00e1 que completar todos los campos obligatorios para poder imprimir la planilla).<\/li>\n<li>Reunir la siguiente documentaci\u00f3n:<\/li>\n<\/ul>\n<ol>\n<li>Copia autenticada del t\u00edtulo terciario, superior no universitario o de pregrado universitario obtenido (se admitir\u00e1n certificados de t\u00edtulo en tr\u00e1mite).<\/li>\n<li>Dos fotos tipo carnet.<\/li>\n<li>Fotocopia de DNI y partida de nacimiento.<\/li>\n<li>Ficha de salud (descargar y completar aqu\u00ed).<\/li>\n<li>T\u00edtulo secundario (fotocopia autenticada).<\/li>\n<\/ol>\n<ul>\n<li>Presentarse en el Departamento de Alumnos con la documentaci\u00f3n y el formulario de preinscripci\u00f3n SIU Guaran\u00ed impreso para poder completar la primera etapa del proceso de inscripci\u00f3n al CCC.<\/li>\n<li>La inscripci\u00f3n se formaliza luego de validada la documentaci\u00f3n por el Departamento de Alumnos y de que se realice el pago de la matr\u00edcula.<\/li>\n<\/ul>\n<p>&nbsp;<\/p>\n<p>La <strong>inscripci\u00f3n<\/strong> ser\u00e1 de <strong>lunes a viernes de 10:00 a 17:00<\/strong> en el Departamento de Alumnos, <strong>Facultad de Ciencias Sociales<\/strong> (avenida Del Valle 5737). El tr\u00e1mite de inscripci\u00f3n es personal.<\/p>\n","protected":false},"excerpt":{"rendered":"<p>La preinscripci\u00f3n ser\u00e1 hasta el 3 de marzo. La modalidad de cursada ser\u00e1 presencial.<\/p>\n","protected":false},"author":6,"featured_media":30018,"comment_status":"closed","ping_status":"closed","sticky":false,"template":"","format":"standard","meta":{"_jetpack_memberships_contains_paid_content":false,"footnotes":""},"categories":[5,1],"tags":[],"class_list":["post-77698","post","type-post","status-publish","format-standard","has-post-thumbnail","hentry","category-informacion-general","category-portada"],"jetpack_featured_media_url":"https:\/\/i0.wp.com\/cdnoticias.com\/wp-content\/uploads\/2021\/08\/Sede-Facultad.jpg?fit=1500%2C867&ssl=1","jetpack_sharing_enabled":true,"_links":{"self":[{"href":"https:\/\/cdnoticias.com\/index.php\/wp-json\/wp\/v2\/posts\/77698","targetHints":{"allow":["GET"]}}],"collection":[{"href":"https:\/\/cdnoticias.com\/index.php\/wp-json\/wp\/v2\/posts"}],"about":[{"href":"https:\/\/cdnoticias.com\/index.php\/wp-json\/wp\/v2\/types\/post"}],"author":[{"embeddable":true,"href":"https:\/\/cdnoticias.com\/index.php\/wp-json\/wp\/v2\/users\/6"}],"replies":[{"embeddable":true,"href":"https:\/\/cdnoticias.com\/index.php\/wp-json\/wp\/v2\/comments?post=77698"}],"version-history":[{"count":0,"href":"https:\/\/cdnoticias.com\/index.php\/wp-json\/wp\/v2\/posts\/77698\/revisions"}],"wp:featuredmedia":[{"embeddable":true,"href":"https:\/\/cdnoticias.com\/index.php\/wp-json\/wp\/v2\/media\/30018"}],"wp:attachment":[{"href":"https:\/\/cdnoticias.com\/index.php\/wp-json\/wp\/v2\/media?parent=77698"}],"wp:term":[{"taxonomy":"category","embeddable":true,"href":"https:\/\/cdnoticias.com\/index.php\/wp-json\/wp\/v2\/categories?post=77698"},{"taxonomy":"post_tag","embeddable":true,"href":"https:\/\/cdnoticias.com\/index.php\/wp-json\/wp\/v2\/tags?post=77698"}],"curies":[{"name":"wp","href":"https:\/\/api.w.org\/{rel}","templated":true}]}}