{"id":77661,"date":"2023-02-24T08:03:31","date_gmt":"2023-02-24T11:03:31","guid":{"rendered":"https:\/\/www.centraldenoticias.com.ar\/?p=77661"},"modified":"2023-02-24T08:03:31","modified_gmt":"2023-02-24T11:03:31","slug":"secuestro-de-moto-por-falta-de-documentacion","status":"publish","type":"post","link":"https:\/\/cdnoticias.com\/index.php\/2023\/02\/24\/secuestro-de-moto-por-falta-de-documentacion\/","title":{"rendered":"Secuestro de moto por falta de documentaci\u00f3n"},"content":{"rendered":"<p>Fue este jueves en Alberdi y Trabajadores. La moto tampoco ten\u00eda dominio y el conductor fue infraccionado.<\/p>\n<p><!--more--><\/p>\n<hr \/>\n<p><strong>Este jueves el personal del Comando de Patrullas infraccion\u00f3 al conductor de una moto<\/strong> por carecer de la documentaci\u00f3n obligatoria para transitar y secuestr\u00f3 el veh\u00edculo.<\/p>\n<p>&nbsp;<\/p>\n<p>Se indic\u00f3 que un ciudadano circulaba a bordo de<strong> motocicleta Dadalt 110 cc<\/strong>. sin dominio por <strong>Alberdi y Trabajadores<\/strong>.<\/p>\n<p>&nbsp;<\/p>\n<p>Los efectivos policiales interceptaron al conductor y establecieron que <strong>no llevaba la documentaci\u00f3n requerida<\/strong>. El <strong>veh\u00edculo fue secuestrado<\/strong> y remitido al Corral\u00f3n Municipal.<\/p>\n<p>&nbsp;<\/p>\n<p>Las actuaciones por <strong>infracci\u00f3n a la Ley de Tr\u00e1nsito 24.449<\/strong> se elevaron al Juzgado de Faltas local.<\/p>\n<p>&nbsp;<\/p>\n","protected":false},"excerpt":{"rendered":"<p>Fue este jueves en Alberdi y Trabajadores. La moto tampoco ten\u00eda dominio y el conductor fue infraccionado.<\/p>\n","protected":false},"author":4,"featured_media":77670,"comment_status":"closed","ping_status":"closed","sticky":false,"template":"","format":"standard","meta":{"_jetpack_memberships_contains_paid_content":false,"footnotes":""},"categories":[14,1],"tags":[],"class_list":["post-77661","post","type-post","status-publish","format-standard","has-post-thumbnail","hentry","category-policiales","category-portada"],"jetpack_featured_media_url":"https:\/\/i0.wp.com\/cdnoticias.com\/wp-content\/uploads\/2023\/02\/moto-secuestrada-alberdi-y-trabajadores-0.jpg?fit=800%2C445&ssl=1","jetpack_sharing_enabled":true,"_links":{"self":[{"href":"https:\/\/cdnoticias.com\/index.php\/wp-json\/wp\/v2\/posts\/77661","targetHints":{"allow":["GET"]}}],"collection":[{"href":"https:\/\/cdnoticias.com\/index.php\/wp-json\/wp\/v2\/posts"}],"about":[{"href":"https:\/\/cdnoticias.com\/index.php\/wp-json\/wp\/v2\/types\/post"}],"author":[{"embeddable":true,"href":"https:\/\/cdnoticias.com\/index.php\/wp-json\/wp\/v2\/users\/4"}],"replies":[{"embeddable":true,"href":"https:\/\/cdnoticias.com\/index.php\/wp-json\/wp\/v2\/comments?post=77661"}],"version-history":[{"count":0,"href":"https:\/\/cdnoticias.com\/index.php\/wp-json\/wp\/v2\/posts\/77661\/revisions"}],"wp:featuredmedia":[{"embeddable":true,"href":"https:\/\/cdnoticias.com\/index.php\/wp-json\/wp\/v2\/media\/77670"}],"wp:attachment":[{"href":"https:\/\/cdnoticias.com\/index.php\/wp-json\/wp\/v2\/media?parent=77661"}],"wp:term":[{"taxonomy":"category","embeddable":true,"href":"https:\/\/cdnoticias.com\/index.php\/wp-json\/wp\/v2\/categories?post=77661"},{"taxonomy":"post_tag","embeddable":true,"href":"https:\/\/cdnoticias.com\/index.php\/wp-json\/wp\/v2\/tags?post=77661"}],"curies":[{"name":"wp","href":"https:\/\/api.w.org\/{rel}","templated":true}]}}