{"id":77649,"date":"2023-02-23T11:35:40","date_gmt":"2023-02-23T14:35:40","guid":{"rendered":"https:\/\/www.centraldenoticias.com.ar\/?p=77649"},"modified":"2023-02-23T11:35:40","modified_gmt":"2023-02-23T14:35:40","slug":"8m-la-asamblea-feminista-y-disidente-vuelve-a-reunirse","status":"publish","type":"post","link":"https:\/\/cdnoticias.com\/index.php\/2023\/02\/23\/8m-la-asamblea-feminista-y-disidente-vuelve-a-reunirse\/","title":{"rendered":"8M: La Asamblea Feminista y Disidente vuelve a reunirse"},"content":{"rendered":"<p>Ser\u00e1 este jueves a las 18.30 en Necochea y Brown. La agrupaci\u00f3n destac\u00f3 que \u201cse acerca un nuevo paro feminista y disidente\u201d y que el 8 de marzo \u201cvolvemos a las calles\u201d. Algunas consignas ya planteadas.<!--more--><\/p>\n<hr \/>\n<p><strong>Este jueves volver\u00e1 a reunirse la Asamblea Feminista y Disidente de Olavarr\u00eda<\/strong> de cara a la organizaci\u00f3n de actividades para el 8M, \u201cD\u00eda Internacional de la Mujer Trabajadora\u201d.<\/p>\n<p>&nbsp;<\/p>\n<p>La reuni\u00f3n se realizar\u00e1<strong> a las 18.30 en Necochea y Brown<\/strong>, habitual punto de encuentro de la Asamblea, y es de car\u00e1cter abierto.<\/p>\n<p>&nbsp;<\/p>\n<p>Se aclar\u00f3 que en caso de lluvia, la reuni\u00f3n se reprogramar\u00e1 para el viernes a la misma hora.<\/p>\n<p>&nbsp;<\/p>\n<blockquote><p>En ese marco, la agrupaci\u00f3n destac\u00f3 que \u201cse acerca un nuevo paro feminista y disidente\u201d y que para la jornada del mi\u00e9rcoles 8 de marzo \u201cvolvemos a las calles\u201d.<\/p><\/blockquote>\n<p>&nbsp;<\/p>\n<p>Entre <strong>las consignas que ya se plantean<\/strong> para las manifestaciones, la Asamblea enumer\u00f3 \u201cla deuda es con nosotras y nosotres\u201d, \u201cnos falta Tehuel\u201d, <strong>\u201clas violencias machistas nos arrebatan a una mujer, trans, travesti cada 32 horas\u201d<\/strong>, \u201cla impunidad del patriarcado nos violenta sistem\u00e1ticamente\u201d, \u201cel extractivismo de nuestras tierras es insostenible\u201d, \u201cel estado y sus gobiernos son responsables\u201d, <strong>\u201cnecesitamos justicia con perspectiva de g\u00e9nero\u201d<\/strong>, \u201clas tareas de cuidado son trabajo no remunerado\u201d, \u201cno queremos m\u00e1s criminalizaci\u00f3n de la protesta por los territorios\u201d, \u201cla libertad a las hermanas mapuches y el regreso al territorio a la machi Betiana Colhuan\u201d.<\/p>\n<p>&nbsp;<\/p>\n","protected":false},"excerpt":{"rendered":"<p>Ser\u00e1 este jueves a las 18.30 en Necochea y Brown. La agrupaci\u00f3n destac\u00f3 que \u201cse acerca un nuevo paro feminista<\/p>\n","protected":false},"author":4,"featured_media":77650,"comment_status":"closed","ping_status":"closed","sticky":false,"template":"","format":"standard","meta":{"_jetpack_memberships_contains_paid_content":false,"footnotes":""},"categories":[3,1],"tags":[],"class_list":["post-77649","post","type-post","status-publish","format-standard","has-post-thumbnail","hentry","category-genero","category-portada"],"jetpack_featured_media_url":"https:\/\/i0.wp.com\/cdnoticias.com\/wp-content\/uploads\/2023\/02\/asamblea-feminista-8MM.jpg?fit=800%2C445&ssl=1","jetpack_sharing_enabled":true,"_links":{"self":[{"href":"https:\/\/cdnoticias.com\/index.php\/wp-json\/wp\/v2\/posts\/77649","targetHints":{"allow":["GET"]}}],"collection":[{"href":"https:\/\/cdnoticias.com\/index.php\/wp-json\/wp\/v2\/posts"}],"about":[{"href":"https:\/\/cdnoticias.com\/index.php\/wp-json\/wp\/v2\/types\/post"}],"author":[{"embeddable":true,"href":"https:\/\/cdnoticias.com\/index.php\/wp-json\/wp\/v2\/users\/4"}],"replies":[{"embeddable":true,"href":"https:\/\/cdnoticias.com\/index.php\/wp-json\/wp\/v2\/comments?post=77649"}],"version-history":[{"count":0,"href":"https:\/\/cdnoticias.com\/index.php\/wp-json\/wp\/v2\/posts\/77649\/revisions"}],"wp:featuredmedia":[{"embeddable":true,"href":"https:\/\/cdnoticias.com\/index.php\/wp-json\/wp\/v2\/media\/77650"}],"wp:attachment":[{"href":"https:\/\/cdnoticias.com\/index.php\/wp-json\/wp\/v2\/media?parent=77649"}],"wp:term":[{"taxonomy":"category","embeddable":true,"href":"https:\/\/cdnoticias.com\/index.php\/wp-json\/wp\/v2\/categories?post=77649"},{"taxonomy":"post_tag","embeddable":true,"href":"https:\/\/cdnoticias.com\/index.php\/wp-json\/wp\/v2\/tags?post=77649"}],"curies":[{"name":"wp","href":"https:\/\/api.w.org\/{rel}","templated":true}]}}