{"id":77642,"date":"2023-02-23T10:53:31","date_gmt":"2023-02-23T13:53:31","guid":{"rendered":"https:\/\/www.centraldenoticias.com.ar\/?p=77642"},"modified":"2023-02-23T10:53:31","modified_gmt":"2023-02-23T13:53:31","slug":"el-festival-en-tu-barrio-sigue-este-jueves","status":"publish","type":"post","link":"https:\/\/cdnoticias.com\/index.php\/2023\/02\/23\/el-festival-en-tu-barrio-sigue-este-jueves\/","title":{"rendered":"El \u201cFestival en tu barrio\u201d sigue este jueves"},"content":{"rendered":"<p>Contin\u00faa el programa provincial en barrio Villa Aurora, en Eva Per\u00f3n y Dorrego. El viernes llegar\u00e1 al barrio Facundo Quiroga. De 18 a 20 se presenta una propuesta de entretenimiento libre y gratuito para las familias.<\/p>\n<p><!--more--><\/p>\n<hr \/>\n<p><strong>\u201cFestival en tu barrio\u201d es una iniciativa del Estado provincial<\/strong> que se desarrolla en diferentes<strong> plazas y espacios p\u00fablicos<\/strong> donde las familias pueden disfrutar de diferentes propuestas recreativas y culturales, inflables, metegol, tejo, Ping pong y cama el\u00e1stica.<\/p>\n<p>&nbsp;<\/p>\n<blockquote><p>Ese jueves contin\u00faa en el barrio Villa Aurora, Av. Eva Per\u00f3n y Dorrego y el viernes en el barrio Facundo Quiroga, Buenos Aires y Daireaux.<\/p><\/blockquote>\n<p>&nbsp;<\/p>\n<p><strong>El programa es abierto a la comunidad<\/strong>. \u201cEl gobierno provincial busca ofrecer nuevas ofertas recreativas y culturales en todo el territorio bonaerense\u201d mediante este tipo de propuestas.<\/p>\n<p>&nbsp;<\/p>\n<p>Las jornadas se extender\u00e1n <strong>durante febrero y marzo de 18 a 20<\/strong>, el cronograma itinerante se difunde semanalmente. \u201cLos menores deber\u00e1n estar acompa\u00f1ados por un adulto\u201d se aclar\u00f3.<\/p>\n<p>&nbsp;<\/p>\n","protected":false},"excerpt":{"rendered":"<p>Contin\u00faa el programa provincial en barrio Villa Aurora, en Eva Per\u00f3n y Dorrego. El viernes llegar\u00e1 al barrio Facundo Quiroga.<\/p>\n","protected":false},"author":4,"featured_media":77645,"comment_status":"closed","ping_status":"closed","sticky":false,"template":"","format":"standard","meta":{"_jetpack_memberships_contains_paid_content":false,"footnotes":""},"categories":[9,1],"tags":[],"class_list":["post-77642","post","type-post","status-publish","format-standard","has-post-thumbnail","hentry","category-cultura","category-portada"],"jetpack_featured_media_url":"https:\/\/i0.wp.com\/cdnoticias.com\/wp-content\/uploads\/2023\/02\/festival-en-tu-barrio-0-1.jpg?fit=800%2C445&ssl=1","jetpack_sharing_enabled":true,"_links":{"self":[{"href":"https:\/\/cdnoticias.com\/index.php\/wp-json\/wp\/v2\/posts\/77642","targetHints":{"allow":["GET"]}}],"collection":[{"href":"https:\/\/cdnoticias.com\/index.php\/wp-json\/wp\/v2\/posts"}],"about":[{"href":"https:\/\/cdnoticias.com\/index.php\/wp-json\/wp\/v2\/types\/post"}],"author":[{"embeddable":true,"href":"https:\/\/cdnoticias.com\/index.php\/wp-json\/wp\/v2\/users\/4"}],"replies":[{"embeddable":true,"href":"https:\/\/cdnoticias.com\/index.php\/wp-json\/wp\/v2\/comments?post=77642"}],"version-history":[{"count":0,"href":"https:\/\/cdnoticias.com\/index.php\/wp-json\/wp\/v2\/posts\/77642\/revisions"}],"wp:featuredmedia":[{"embeddable":true,"href":"https:\/\/cdnoticias.com\/index.php\/wp-json\/wp\/v2\/media\/77645"}],"wp:attachment":[{"href":"https:\/\/cdnoticias.com\/index.php\/wp-json\/wp\/v2\/media?parent=77642"}],"wp:term":[{"taxonomy":"category","embeddable":true,"href":"https:\/\/cdnoticias.com\/index.php\/wp-json\/wp\/v2\/categories?post=77642"},{"taxonomy":"post_tag","embeddable":true,"href":"https:\/\/cdnoticias.com\/index.php\/wp-json\/wp\/v2\/tags?post=77642"}],"curies":[{"name":"wp","href":"https:\/\/api.w.org\/{rel}","templated":true}]}}