{"id":7764,"date":"2020-11-29T18:04:06","date_gmt":"2020-11-29T21:04:06","guid":{"rendered":"http:\/\/www.centraldenoticias.com.ar\/?p=7764"},"modified":"2020-11-29T19:07:37","modified_gmt":"2020-11-29T22:07:37","slug":"peregrinar-en-tiempos-de-pandemia-ciclistas-llegaron-a-colonia-nievas","status":"publish","type":"post","link":"https:\/\/cdnoticias.com\/index.php\/2020\/11\/29\/peregrinar-en-tiempos-de-pandemia-ciclistas-llegaron-a-colonia-nievas\/","title":{"rendered":"Peregrinar en tiempos de pandemia: ciclistas llegaron a Colonia Nievas"},"content":{"rendered":"<p>Por la situaci\u00f3n generada por el COVID debieron suspender el tradicional viaje a la Bas\u00edlica de Luj\u00e1n, con ciclistas de toda la regi\u00f3n. Para \u201cno perder la fecha\u201d hoy recorrieron localidades de la zona.<!--more--><\/p>\n<hr \/>\n<p>Este domingo por la ma\u00f1ana, <strong>la tranquilidad del paisaje de Colonia Nievas se vio modificado por decena de ciclistas que eligieron la localidad del Partido para llegar en una peregrinaci\u00f3n en reemplazo del tradicional viaje hasta Luj\u00e1n, que hacen desde el a\u00f1o 2000.<\/strong><\/p>\n<p>&nbsp;<\/p>\n<p>Uno de los impulsores es Daniel Cuevas, quien coment\u00f3 en di\u00e1logo con Central de Noticias que <strong>el grupo que realiza estos viajes naci\u00f3 hace 21 a\u00f1os <em>\u201cpor la misma inquietud de andar en bicicleta\u201d.<\/em><\/strong><\/p>\n<p>&nbsp;<\/p>\n<blockquote><p>\u201cDel 2000 a la fecha, sacando este a\u00f1o at\u00edpico por la pandemia, vamos en bicicleta a Luj\u00e1n. Siempre el \u00faltimo fin de semana de noviembre\u201d.<\/p><\/blockquote>\n<p>&nbsp;<\/p>\n<p>Justamente,<strong> la pandemia suspendi\u00f3 el tradicional viaje de miles de bicicletas a Luj\u00e1n<\/strong> y la propuesta alternativa fue <em>\u201cir a las capillas de toda la zona, y llegamos hasta ac\u00e1. Para no perder la fecha que siempre la esperamos anualmente\u201d.<\/em><\/p>\n<p>&nbsp;<\/p>\n<p><img data-recalc-dims=\"1\" loading=\"lazy\" decoding=\"async\" class=\"alignnone size-full wp-image-7765\" src=\"https:\/\/i0.wp.com\/cdnoticias.com\/wp-content\/uploads\/2020\/11\/colonia-nievas-ciclistas.jpg?resize=800%2C555&#038;ssl=1\" alt=\"\" width=\"800\" height=\"555\" srcset=\"https:\/\/i0.wp.com\/cdnoticias.com\/wp-content\/uploads\/2020\/11\/colonia-nievas-ciclistas.jpg?w=1280&amp;ssl=1 1280w, https:\/\/i0.wp.com\/cdnoticias.com\/wp-content\/uploads\/2020\/11\/colonia-nievas-ciclistas.jpg?resize=300%2C208&amp;ssl=1 300w, https:\/\/i0.wp.com\/cdnoticias.com\/wp-content\/uploads\/2020\/11\/colonia-nievas-ciclistas.jpg?resize=768%2C533&amp;ssl=1 768w, https:\/\/i0.wp.com\/cdnoticias.com\/wp-content\/uploads\/2020\/11\/colonia-nievas-ciclistas.jpg?resize=1024%2C710&amp;ssl=1 1024w, https:\/\/i0.wp.com\/cdnoticias.com\/wp-content\/uploads\/2020\/11\/colonia-nievas-ciclistas.jpg?resize=392%2C272&amp;ssl=1 392w, https:\/\/i0.wp.com\/cdnoticias.com\/wp-content\/uploads\/2020\/11\/colonia-nievas-ciclistas.jpg?resize=130%2C90&amp;ssl=1 130w\" sizes=\"auto, (max-width: 800px) 100vw, 800px\" \/><\/p>\n<p>&nbsp;<\/p>\n<p>Esta tradici\u00f3n fue creciendo con epicentro en Olavarr\u00eda para toda la regi\u00f3n: <em>\u201clos primeros viajes se hac\u00edan por asfalto, pero viendo que la ruta es peligrosa empezamos a ir por tierra. Salimos por Olavarr\u00eda hasta Tapalqu\u00e9, ah\u00ed se suman chicos, despu\u00e9s algunos de Saladillo, y en Navarro se junta gente de Roque P\u00e9rez, Alvear, y llegamos todos juntos a Luj\u00e1n\u201d.<\/em><\/p>\n<p>&nbsp;<\/p>\n<p>La cifra es asombrosa, son entre 1500 y 2000 bicicletas las que transitan los caminos de la Provincia. <strong>Cerca de las 11 de la ma\u00f1ana, esta peregrinaci\u00f3n lleg\u00f3 a Colonia Nievas. \u00a0<\/strong><\/p>\n<p>&nbsp;<\/p>\n","protected":false},"excerpt":{"rendered":"<p>Por la situaci\u00f3n generada por el COVID debieron suspender el tradicional viaje a la Bas\u00edlica de Luj\u00e1n, con ciclistas de<\/p>\n","protected":false},"author":2,"featured_media":7766,"comment_status":"closed","ping_status":"closed","sticky":false,"template":"","format":"standard","meta":{"_jetpack_memberships_contains_paid_content":false,"footnotes":""},"categories":[5,1],"tags":[],"class_list":["post-7764","post","type-post","status-publish","format-standard","has-post-thumbnail","hentry","category-informacion-general","category-portada"],"jetpack_featured_media_url":"https:\/\/i0.wp.com\/cdnoticias.com\/wp-content\/uploads\/2020\/11\/colonia-nievas-ciclistas1.jpg?fit=1280%2C876&ssl=1","jetpack_sharing_enabled":true,"_links":{"self":[{"href":"https:\/\/cdnoticias.com\/index.php\/wp-json\/wp\/v2\/posts\/7764","targetHints":{"allow":["GET"]}}],"collection":[{"href":"https:\/\/cdnoticias.com\/index.php\/wp-json\/wp\/v2\/posts"}],"about":[{"href":"https:\/\/cdnoticias.com\/index.php\/wp-json\/wp\/v2\/types\/post"}],"author":[{"embeddable":true,"href":"https:\/\/cdnoticias.com\/index.php\/wp-json\/wp\/v2\/users\/2"}],"replies":[{"embeddable":true,"href":"https:\/\/cdnoticias.com\/index.php\/wp-json\/wp\/v2\/comments?post=7764"}],"version-history":[{"count":0,"href":"https:\/\/cdnoticias.com\/index.php\/wp-json\/wp\/v2\/posts\/7764\/revisions"}],"wp:featuredmedia":[{"embeddable":true,"href":"https:\/\/cdnoticias.com\/index.php\/wp-json\/wp\/v2\/media\/7766"}],"wp:attachment":[{"href":"https:\/\/cdnoticias.com\/index.php\/wp-json\/wp\/v2\/media?parent=7764"}],"wp:term":[{"taxonomy":"category","embeddable":true,"href":"https:\/\/cdnoticias.com\/index.php\/wp-json\/wp\/v2\/categories?post=7764"},{"taxonomy":"post_tag","embeddable":true,"href":"https:\/\/cdnoticias.com\/index.php\/wp-json\/wp\/v2\/tags?post=7764"}],"curies":[{"name":"wp","href":"https:\/\/api.w.org\/{rel}","templated":true}]}}