{"id":77625,"date":"2023-02-23T09:01:12","date_gmt":"2023-02-23T12:01:12","guid":{"rendered":"https:\/\/www.centraldenoticias.com.ar\/?p=77625"},"modified":"2023-02-23T10:30:35","modified_gmt":"2023-02-23T13:30:35","slug":"estado-de-asamblea-permanente-en-todas-las-dependencias-municipales","status":"publish","type":"post","link":"https:\/\/cdnoticias.com\/index.php\/2023\/02\/23\/estado-de-asamblea-permanente-en-todas-las-dependencias-municipales\/","title":{"rendered":"Estado de \u201casamblea permanente\u201d en todas las dependencias municipales"},"content":{"rendered":"<p>As\u00ed fue confirmado desde el Sindicato de Trabajadores Municipales de Olavarr\u00eda (STMO). Por la medida de fuerza se suspendieron los turnos programados en el Hospital y se puede resentir la atenci\u00f3n en las salitas. La medida es por incumplimientos laborales.<!--more--><\/p>\n<hr \/>\n<p>El Sindicato de Trabajadores Municipales Olavarr\u00eda (STMO) lleva adelante una medida de fuerza por<strong> \u201cincumplimiento del convenio colectivo de trabajo y del acta de paritarias\u201d.<\/strong><\/p>\n<p>&nbsp;<\/p>\n<p>Seg\u00fan confirmaron a <em>Central de Noticias<\/em> desde el propio gremio, se decret\u00f3 el <strong>\u201cestado de asamblea permanente en todas las dependencias municipales\u201d.<\/strong><\/p>\n<p>&nbsp;<\/p>\n<p><img data-recalc-dims=\"1\" loading=\"lazy\" decoding=\"async\" class=\"aligncenter size-full wp-image-77634\" src=\"https:\/\/i0.wp.com\/cdnoticias.com\/wp-content\/uploads\/2023\/02\/STMO-stuppia-asamblea.jpg?resize=800%2C445&#038;ssl=1\" alt=\"\" width=\"800\" height=\"445\" srcset=\"https:\/\/i0.wp.com\/cdnoticias.com\/wp-content\/uploads\/2023\/02\/STMO-stuppia-asamblea.jpg?w=2002&amp;ssl=1 2002w, https:\/\/i0.wp.com\/cdnoticias.com\/wp-content\/uploads\/2023\/02\/STMO-stuppia-asamblea.jpg?resize=300%2C167&amp;ssl=1 300w, https:\/\/i0.wp.com\/cdnoticias.com\/wp-content\/uploads\/2023\/02\/STMO-stuppia-asamblea.jpg?resize=1024%2C570&amp;ssl=1 1024w, https:\/\/i0.wp.com\/cdnoticias.com\/wp-content\/uploads\/2023\/02\/STMO-stuppia-asamblea.jpg?resize=768%2C427&amp;ssl=1 768w, https:\/\/i0.wp.com\/cdnoticias.com\/wp-content\/uploads\/2023\/02\/STMO-stuppia-asamblea.jpg?resize=1536%2C855&amp;ssl=1 1536w, https:\/\/i0.wp.com\/cdnoticias.com\/wp-content\/uploads\/2023\/02\/STMO-stuppia-asamblea.jpg?resize=800%2C445&amp;ssl=1 800w, https:\/\/i0.wp.com\/cdnoticias.com\/wp-content\/uploads\/2023\/02\/STMO-stuppia-asamblea.jpg?w=1600&amp;ssl=1 1600w\" sizes=\"auto, (max-width: 800px) 100vw, 800px\" \/><\/p>\n<p>&nbsp;<\/p>\n<p>La primera de las acciones dispuestas fue la realizaci\u00f3n durante la ma\u00f1ana de este jueves de una<strong> asamblea de delegados en el Hospital Municipal \u201cDr. H\u00e9ctor Cura\u201d.<\/strong> A ra\u00edz de esta medida, el Municipio comunic\u00f3 la <a href=\"https:\/\/cdnoticias.com\/index.php\/2023\/02\/23\/se-suspendieron-los-turnos-programados-en-el-hospital\/\" target=\"_blank\" rel=\"noopener\">suspensi\u00f3n de los turnos programados en este centro de salud e indicaron que solo se atender\u00e1n urgencias. \u00a0<\/a><\/p>\n<p>&nbsp;<\/p>\n<p>Asimismo y ante la consulta sobre la atenci\u00f3n en las <strong>salas de atenci\u00f3n primaria<\/strong>, desde el Sindicato de Municipales afirmaron que<strong> \u201chay atenci\u00f3n pero por la asamblea permanente se puede ver resentida\u201d.<\/strong><\/p>\n<p>&nbsp;<\/p>\n<p><img data-recalc-dims=\"1\" loading=\"lazy\" decoding=\"async\" class=\"aligncenter size-full wp-image-77627\" src=\"https:\/\/i0.wp.com\/cdnoticias.com\/wp-content\/uploads\/2023\/02\/STMO-asamblea-2023-01.jpg?resize=800%2C445&#038;ssl=1\" alt=\"\" width=\"800\" height=\"445\" srcset=\"https:\/\/i0.wp.com\/cdnoticias.com\/wp-content\/uploads\/2023\/02\/STMO-asamblea-2023-01.jpg?w=1600&amp;ssl=1 1600w, https:\/\/i0.wp.com\/cdnoticias.com\/wp-content\/uploads\/2023\/02\/STMO-asamblea-2023-01.jpg?resize=300%2C167&amp;ssl=1 300w, https:\/\/i0.wp.com\/cdnoticias.com\/wp-content\/uploads\/2023\/02\/STMO-asamblea-2023-01.jpg?resize=1024%2C570&amp;ssl=1 1024w, https:\/\/i0.wp.com\/cdnoticias.com\/wp-content\/uploads\/2023\/02\/STMO-asamblea-2023-01.jpg?resize=768%2C427&amp;ssl=1 768w, https:\/\/i0.wp.com\/cdnoticias.com\/wp-content\/uploads\/2023\/02\/STMO-asamblea-2023-01.jpg?resize=1536%2C854&amp;ssl=1 1536w, https:\/\/i0.wp.com\/cdnoticias.com\/wp-content\/uploads\/2023\/02\/STMO-asamblea-2023-01.jpg?resize=800%2C445&amp;ssl=1 800w\" sizes=\"auto, (max-width: 800px) 100vw, 800px\" \/><\/p>\n<p>&nbsp;<\/p>\n<p>&#8220;La medida, que incluye el estado de asamblea permanente, fue resuelta tras <strong>numerosos intentos y gestiones de la conducci\u00f3n del STMO ante los funcionarios correspondientes para buscar respuestas favorables<\/strong> a las peticiones&#8221; resaltaron y agregaron: &#8220;la dilaci\u00f3n de las negociaciones y la falta de respuestas concretas despu\u00e9s de casi dos meses de espera llevaron a la conducci\u00f3n del Sindicato a iniciar el plan de acci\u00f3n&#8221;.<\/p>\n<p>&nbsp;<\/p>\n<p>Por \u00faltimo en un comunicado, se indic\u00f3 que<strong> la medida\u00a0por tiempo indeterminado<\/strong>, alcanza a todos los agrupamientos de trabajadores: <strong>profesionales, t\u00e9cnicos, administrativos, obreros y de servicios.<\/strong><\/p>\n<p>&nbsp;<\/p>\n<blockquote class=\"wp-embedded-content\" data-secret=\"oawawyb7B6\"><p><a href=\"https:\/\/cdnoticias.com\/index.php\/2023\/02\/23\/se-suspendieron-los-turnos-programados-en-el-hospital\/\">Se suspendieron los turnos programados en el Hospital<\/a><\/p><\/blockquote>\n<p><iframe loading=\"lazy\" class=\"wp-embedded-content\" sandbox=\"allow-scripts\" security=\"restricted\" style=\"position: absolute; clip: rect(1px, 1px, 1px, 1px);\" title=\"&#8220;Se suspendieron los turnos programados en el Hospital&#8221; &#8212; Central de Noticias | Olavarr\u00eda\" src=\"https:\/\/cdnoticias.com\/index.php\/2023\/02\/23\/se-suspendieron-los-turnos-programados-en-el-hospital\/embed\/#?secret=LK0SagBL4R#?secret=oawawyb7B6\" data-secret=\"oawawyb7B6\" width=\"600\" height=\"338\" frameborder=\"0\" marginwidth=\"0\" marginheight=\"0\" scrolling=\"no\"><\/iframe><\/p>\n","protected":false},"excerpt":{"rendered":"<p>As\u00ed fue confirmado desde el Sindicato de Trabajadores Municipales de Olavarr\u00eda (STMO). Por la medida de fuerza se suspendieron los<\/p>\n","protected":false},"author":5,"featured_media":77629,"comment_status":"closed","ping_status":"closed","sticky":false,"template":"","format":"standard","meta":{"_jetpack_memberships_contains_paid_content":false,"footnotes":""},"categories":[5,1],"tags":[],"class_list":["post-77625","post","type-post","status-publish","format-standard","has-post-thumbnail","hentry","category-informacion-general","category-portada"],"jetpack_featured_media_url":"https:\/\/i0.wp.com\/cdnoticias.com\/wp-content\/uploads\/2023\/02\/STMO-asamblea-2023-04.jpg?fit=1600%2C890&ssl=1","jetpack_sharing_enabled":true,"_links":{"self":[{"href":"https:\/\/cdnoticias.com\/index.php\/wp-json\/wp\/v2\/posts\/77625","targetHints":{"allow":["GET"]}}],"collection":[{"href":"https:\/\/cdnoticias.com\/index.php\/wp-json\/wp\/v2\/posts"}],"about":[{"href":"https:\/\/cdnoticias.com\/index.php\/wp-json\/wp\/v2\/types\/post"}],"author":[{"embeddable":true,"href":"https:\/\/cdnoticias.com\/index.php\/wp-json\/wp\/v2\/users\/5"}],"replies":[{"embeddable":true,"href":"https:\/\/cdnoticias.com\/index.php\/wp-json\/wp\/v2\/comments?post=77625"}],"version-history":[{"count":0,"href":"https:\/\/cdnoticias.com\/index.php\/wp-json\/wp\/v2\/posts\/77625\/revisions"}],"wp:featuredmedia":[{"embeddable":true,"href":"https:\/\/cdnoticias.com\/index.php\/wp-json\/wp\/v2\/media\/77629"}],"wp:attachment":[{"href":"https:\/\/cdnoticias.com\/index.php\/wp-json\/wp\/v2\/media?parent=77625"}],"wp:term":[{"taxonomy":"category","embeddable":true,"href":"https:\/\/cdnoticias.com\/index.php\/wp-json\/wp\/v2\/categories?post=77625"},{"taxonomy":"post_tag","embeddable":true,"href":"https:\/\/cdnoticias.com\/index.php\/wp-json\/wp\/v2\/tags?post=77625"}],"curies":[{"name":"wp","href":"https:\/\/api.w.org\/{rel}","templated":true}]}}