{"id":77621,"date":"2023-02-23T10:30:22","date_gmt":"2023-02-23T13:30:22","guid":{"rendered":"https:\/\/www.centraldenoticias.com.ar\/?p=77621"},"modified":"2023-02-23T12:27:25","modified_gmt":"2023-02-23T15:27:25","slug":"loma-negra-robo-un-auto-volco-y-fue-aprehendido","status":"publish","type":"post","link":"https:\/\/cdnoticias.com\/index.php\/2023\/02\/23\/loma-negra-robo-un-auto-volco-y-fue-aprehendido\/","title":{"rendered":"Loma Negra: rob\u00f3 un auto, volc\u00f3 y fue aprehendido"},"content":{"rendered":"<p>Tras un operativo cerrojo se logr\u00f3 la detenci\u00f3n de un hombre que instantes antes hab\u00eda concretado el il\u00edcito.<!--more--><\/p>\n<hr \/>\n<p>Durante la jornada del mi\u00e9rcoles un vecino de la localidad de Loma Negra denunci\u00f3 que <strong>un desconocido hab\u00eda robado su auto Ford Fiesta Max,<\/strong> de calle Ca\u00f1izo al 400.<\/p>\n<p>&nbsp;<\/p>\n<p>De esta forma personal de distintas dependencias policiales de Olavarr\u00eda en conjunto con la Patrulla Rural dispusieron un <strong>operativo cerrojo.<\/strong><\/p>\n<p>&nbsp;<\/p>\n<p>En <strong>Pellegrini y Camino Frontera Sur,<\/strong> divisaron al hombre que en el intento de darse a la fuga <strong>perdi\u00f3 el control del veh\u00edculo y termin\u00f3 volcando el rodado.<\/strong><\/p>\n<p>&nbsp;<\/p>\n<p>El hombre fue aprehendido por <strong>\u201churto de automotor\u201d<\/strong> y qued\u00f3 a disposici\u00f3n de la UFI N\u00b0 10, a cargo del doctor Miguel Pi\u00f1eiro.<\/p>\n","protected":false},"excerpt":{"rendered":"<p>Tras un operativo cerrojo se logr\u00f3 la detenci\u00f3n de un hombre que instantes antes hab\u00eda concretado el il\u00edcito.<\/p>\n","protected":false},"author":5,"featured_media":77624,"comment_status":"closed","ping_status":"closed","sticky":false,"template":"","format":"standard","meta":{"_jetpack_memberships_contains_paid_content":false,"footnotes":""},"categories":[14,1],"tags":[],"class_list":["post-77621","post","type-post","status-publish","format-standard","has-post-thumbnail","hentry","category-policiales","category-portada"],"jetpack_featured_media_url":"https:\/\/i0.wp.com\/cdnoticias.com\/wp-content\/uploads\/2023\/02\/robo-auto-loma-negra-22-2-23.jpg?fit=1425%2C793&ssl=1","jetpack_sharing_enabled":true,"_links":{"self":[{"href":"https:\/\/cdnoticias.com\/index.php\/wp-json\/wp\/v2\/posts\/77621","targetHints":{"allow":["GET"]}}],"collection":[{"href":"https:\/\/cdnoticias.com\/index.php\/wp-json\/wp\/v2\/posts"}],"about":[{"href":"https:\/\/cdnoticias.com\/index.php\/wp-json\/wp\/v2\/types\/post"}],"author":[{"embeddable":true,"href":"https:\/\/cdnoticias.com\/index.php\/wp-json\/wp\/v2\/users\/5"}],"replies":[{"embeddable":true,"href":"https:\/\/cdnoticias.com\/index.php\/wp-json\/wp\/v2\/comments?post=77621"}],"version-history":[{"count":0,"href":"https:\/\/cdnoticias.com\/index.php\/wp-json\/wp\/v2\/posts\/77621\/revisions"}],"wp:featuredmedia":[{"embeddable":true,"href":"https:\/\/cdnoticias.com\/index.php\/wp-json\/wp\/v2\/media\/77624"}],"wp:attachment":[{"href":"https:\/\/cdnoticias.com\/index.php\/wp-json\/wp\/v2\/media?parent=77621"}],"wp:term":[{"taxonomy":"category","embeddable":true,"href":"https:\/\/cdnoticias.com\/index.php\/wp-json\/wp\/v2\/categories?post=77621"},{"taxonomy":"post_tag","embeddable":true,"href":"https:\/\/cdnoticias.com\/index.php\/wp-json\/wp\/v2\/tags?post=77621"}],"curies":[{"name":"wp","href":"https:\/\/api.w.org\/{rel}","templated":true}]}}