{"id":77613,"date":"2023-02-23T07:57:26","date_gmt":"2023-02-23T10:57:26","guid":{"rendered":"https:\/\/www.centraldenoticias.com.ar\/?p=77613"},"modified":"2023-02-23T09:22:54","modified_gmt":"2023-02-23T12:22:54","slug":"se-suspendieron-los-turnos-programados-en-el-hospital","status":"publish","type":"post","link":"https:\/\/cdnoticias.com\/index.php\/2023\/02\/23\/se-suspendieron-los-turnos-programados-en-el-hospital\/","title":{"rendered":"Se suspendieron los turnos programados en el Hospital"},"content":{"rendered":"<p>Lo comunic\u00f3 la Municipalidad que explic\u00f3 la decisi\u00f3n en la medida de fuerza de los trabajadores municipales. \u201cSolo se atender\u00e1n urgencias\u201d se indic\u00f3.<\/p>\n<p><!--more--><\/p>\n<hr \/>\n<p><a href=\"https:\/\/cdnoticias.com\/index.php\/2023\/02\/16\/el-sindicato-de-trabajadores-municipales-declaro-el-estado-de-alerta-y-movilizacion\/\" target=\"_blank\" rel=\"noopener\">El Sindicato de Trabajadores Municipales hab\u00eda adelantado<\/a> la semana pasada el inicio de la <strong>declaraci\u00f3n del \u201cestado de alerta y movilizaci\u00f3n\u201d<\/strong> en el marco de diversos reclamos.<\/p>\n<p>&nbsp;<\/p>\n<p>Este jueves, la Municipalidad dio a conocer que <strong>se suspendieron los turnos programados en el Hospital Municipal \u201cH\u00e9ctor M. Cura\u201d.<\/strong><\/p>\n<p>&nbsp;<\/p>\n<blockquote><p>\u201cPor medidas de fuerza del sindicato de trabajadores municipales en el Hospital, se suspenden los turnos programados. Solo se atender\u00e1n urgencias\u201d se destac\u00f3.<\/p><\/blockquote>\n<p>&nbsp;<\/p>\n<p>La conducci\u00f3n del STMO explic\u00f3 escuetamente que la medida de fuerza se tom\u00f3 <strong>\u201cpor falta de personal\u201d y diversas cuestiones \u201cde seguridad e higiene\u201d<\/strong> en distintas \u00e1reas.<\/p>\n<p>&nbsp;<\/p>\n","protected":false},"excerpt":{"rendered":"<p>Lo comunic\u00f3 la Municipalidad que explic\u00f3 la decisi\u00f3n en la medida de fuerza de los trabajadores municipales. \u201cSolo se atender\u00e1n<\/p>\n","protected":false},"author":4,"featured_media":0,"comment_status":"closed","ping_status":"closed","sticky":false,"template":"","format":"standard","meta":{"_jetpack_memberships_contains_paid_content":false,"footnotes":""},"categories":[5,1],"tags":[],"class_list":["post-77613","post","type-post","status-publish","format-standard","hentry","category-informacion-general","category-portada"],"jetpack_featured_media_url":"","jetpack_sharing_enabled":true,"_links":{"self":[{"href":"https:\/\/cdnoticias.com\/index.php\/wp-json\/wp\/v2\/posts\/77613","targetHints":{"allow":["GET"]}}],"collection":[{"href":"https:\/\/cdnoticias.com\/index.php\/wp-json\/wp\/v2\/posts"}],"about":[{"href":"https:\/\/cdnoticias.com\/index.php\/wp-json\/wp\/v2\/types\/post"}],"author":[{"embeddable":true,"href":"https:\/\/cdnoticias.com\/index.php\/wp-json\/wp\/v2\/users\/4"}],"replies":[{"embeddable":true,"href":"https:\/\/cdnoticias.com\/index.php\/wp-json\/wp\/v2\/comments?post=77613"}],"version-history":[{"count":0,"href":"https:\/\/cdnoticias.com\/index.php\/wp-json\/wp\/v2\/posts\/77613\/revisions"}],"wp:attachment":[{"href":"https:\/\/cdnoticias.com\/index.php\/wp-json\/wp\/v2\/media?parent=77613"}],"wp:term":[{"taxonomy":"category","embeddable":true,"href":"https:\/\/cdnoticias.com\/index.php\/wp-json\/wp\/v2\/categories?post=77613"},{"taxonomy":"post_tag","embeddable":true,"href":"https:\/\/cdnoticias.com\/index.php\/wp-json\/wp\/v2\/tags?post=77613"}],"curies":[{"name":"wp","href":"https:\/\/api.w.org\/{rel}","templated":true}]}}