{"id":7761,"date":"2020-11-29T16:57:46","date_gmt":"2020-11-29T19:57:46","guid":{"rendered":"http:\/\/www.centraldenoticias.com.ar\/?p=7761"},"modified":"2020-11-29T18:04:18","modified_gmt":"2020-11-29T21:04:18","slug":"preparamos-un-programa-especial-para-las-fiestas","status":"publish","type":"post","link":"https:\/\/cdnoticias.com\/index.php\/2020\/11\/29\/preparamos-un-programa-especial-para-las-fiestas\/","title":{"rendered":"\u201cPreparamos un programa especial para las Fiestas\u201d"},"content":{"rendered":"<p>El gobernador Kicillof valor\u00f3 la baja sostenida de casos de COVID en el territorio bonaerense, y que se trabaja en un operativo especial para las fiestas. En pocos d\u00edas \u201cse lanzar\u00e1 la aplicaci\u00f3n Cuidar Verano\u201d para turistas.<!--more--><\/p>\n<hr \/>\n<p>Tras los anuncios presidenciales por la pandemia, el gobernador de la Provincia Axel Kicillof valor\u00f3 la baja \u201csistem\u00e1tica pero lenta\u201d de casos y <strong>realiz\u00f3 algunos anuncios vinculados al verano y las fiestas de fin de a\u00f1o.<\/strong><\/p>\n<p>&nbsp;<\/p>\n<blockquote><p>En primera instancia se\u00f1al\u00f3 que se intensificar\u00e1n los protocolos de hisopados, dado que se buscar\u00e1 testear \u201caquellos contactos estrechos de casos positivos que no tienen s\u00edntomas entre el d\u00eda 5 y 7\u201d porque \u201cqueremos cortar cadena de contagio\u201d.<\/p><\/blockquote>\n<p>&nbsp;<\/p>\n<p>En este sentido, <strong>buscar\u00e1n realizar protocolos por las fiestas y la nocturnidad para que j\u00f3venes puedan compartir espacios \u201cen lugares que no sean cerrados\u201d.<\/strong> <em>\u201cEs la primera Navidad y el primer A\u00f1o Nuevo que pasamos cono coronavirus, y tenemos que cuidarnos\u201d<\/em>, afirm\u00f3.<\/p>\n<p>&nbsp;<\/p>\n<p>En este sentido, reflexion\u00f3 y dijo que <em>\u201cla pandemia no termin\u00f3 y sigue haciendo estragos en todo el planeta y estamos viendo un nuevo desborde de sistemas sanitarios de otros pa\u00edses que ya hab\u00edan atravesado un desborde en el primer brote\u201d<\/em>, comenz\u00f3 explicando el gobernador y a\u00f1adi\u00f3 que la situaci\u00f3n <em>\u201ces bien compleja, contin\u00faa y no podemos distraernos\u201d<\/em> por lo que <em>\u201cvamos a seguir trabajando para lograr que los casos bajen m\u00e1s r\u00e1pidamente y probablemente cuando termine la semana, estemos cerca de los 1.000 casos en el conurbano cuando tuvimos m\u00e1s de 5.000\u201d.<\/em><\/p>\n<p>&nbsp;<\/p>\n<p><em>\u201cReforzaremos las medidas para pasar de aplanar la curva, a aplastarla, y pedimos la colaboraci\u00f3n y la ayuda de las y los bonaerenses\u201d<\/em>, sintetiz\u00f3.<\/p>\n<p>&nbsp;<\/p>\n<p>Kicillof confirm\u00f3 que esta semana se publicaron 13 protocolos sobre actividades para la temporada veraniega y que se lanzar\u00e1 la aplicaci\u00f3n Cuidar Verano en los pr\u00f3ximos d\u00edas:<strong><em> \u201cla aplicaci\u00f3n ya est\u00e1 y estamos haciendo la capacitaci\u00f3n con cada uno de los municipios. Consiste en descargarla, decir en qu\u00e9 d\u00edas se quiere veranear, en donde, registrar la reserva con la ubicaci\u00f3n y despu\u00e9s se chequea con la situaci\u00f3n de salud de la persona, si es positivo o contacto estrecho no puede viajar\u201d<\/em><\/strong>, aclar\u00f3.<\/p>\n<p>&nbsp;<\/p>\n<p>Kicillof remarc\u00f3 que<em> \u201cestar\u00e1 lista en los pr\u00f3ximos d\u00edas\u201d <\/em>y puntualiz\u00f3 que <em>\u201cnadie se va a quedar sin veranear por la aplicaci\u00f3n\u201d.<\/em><\/p>\n<p>&nbsp;<\/p>\n<p><em>\u201cCon respecto a las Fiestas, vamos a lanzar un programa especial. Probablemente tenga que ver con los d\u00edas previos, con cuidarse m\u00e1s para llegar a esos d\u00edas con la menor cantidad de contagios posibles\u201d<\/em>, adelant\u00f3.<\/p>\n<p>&nbsp;<\/p>\n<p><strong><em>\u201cTambi\u00e9n estamos pensando protocolos para la nocturnidad, que no sea un sitio cerrado, con personas compartiendo vasos ni botellas\u201d<\/em><\/strong>, a\u00f1adi\u00f3 el gobernador.<\/p>\n","protected":false},"excerpt":{"rendered":"<p>El gobernador Kicillof valor\u00f3 la baja sostenida de casos de COVID en el territorio bonaerense, y que se trabaja en<\/p>\n","protected":false},"author":2,"featured_media":7762,"comment_status":"closed","ping_status":"closed","sticky":false,"template":"","format":"standard","meta":{"_jetpack_memberships_contains_paid_content":false,"footnotes":""},"categories":[6,1],"tags":[],"class_list":["post-7761","post","type-post","status-publish","format-standard","has-post-thumbnail","hentry","category-nacionales","category-portada"],"jetpack_featured_media_url":"https:\/\/i0.wp.com\/cdnoticias.com\/wp-content\/uploads\/2020\/11\/En7KhELXcAAr06l.jpg?fit=4096%2C2731&ssl=1","jetpack_sharing_enabled":true,"_links":{"self":[{"href":"https:\/\/cdnoticias.com\/index.php\/wp-json\/wp\/v2\/posts\/7761","targetHints":{"allow":["GET"]}}],"collection":[{"href":"https:\/\/cdnoticias.com\/index.php\/wp-json\/wp\/v2\/posts"}],"about":[{"href":"https:\/\/cdnoticias.com\/index.php\/wp-json\/wp\/v2\/types\/post"}],"author":[{"embeddable":true,"href":"https:\/\/cdnoticias.com\/index.php\/wp-json\/wp\/v2\/users\/2"}],"replies":[{"embeddable":true,"href":"https:\/\/cdnoticias.com\/index.php\/wp-json\/wp\/v2\/comments?post=7761"}],"version-history":[{"count":0,"href":"https:\/\/cdnoticias.com\/index.php\/wp-json\/wp\/v2\/posts\/7761\/revisions"}],"wp:featuredmedia":[{"embeddable":true,"href":"https:\/\/cdnoticias.com\/index.php\/wp-json\/wp\/v2\/media\/7762"}],"wp:attachment":[{"href":"https:\/\/cdnoticias.com\/index.php\/wp-json\/wp\/v2\/media?parent=7761"}],"wp:term":[{"taxonomy":"category","embeddable":true,"href":"https:\/\/cdnoticias.com\/index.php\/wp-json\/wp\/v2\/categories?post=7761"},{"taxonomy":"post_tag","embeddable":true,"href":"https:\/\/cdnoticias.com\/index.php\/wp-json\/wp\/v2\/tags?post=7761"}],"curies":[{"name":"wp","href":"https:\/\/api.w.org\/{rel}","templated":true}]}}