{"id":77603,"date":"2023-02-22T19:32:21","date_gmt":"2023-02-22T22:32:21","guid":{"rendered":"https:\/\/www.centraldenoticias.com.ar\/?p=77603"},"modified":"2023-02-22T20:30:58","modified_gmt":"2023-02-22T23:30:58","slug":"por-un-intento-de-robo-en-un-predio-aprehendieron-a-tres-jovenes","status":"publish","type":"post","link":"https:\/\/cdnoticias.com\/index.php\/2023\/02\/22\/por-un-intento-de-robo-en-un-predio-aprehendieron-a-tres-jovenes\/","title":{"rendered":"Por un intento de robo en un predio, aprehendieron a tres j\u00f3venes"},"content":{"rendered":"<p>Fue en la zona de Belgrano y Dean Funes este mi\u00e9rcoles. Adem\u00e1s, sobre uno de ellos reca\u00eda un pedido de comparecer ante el Juzgado de Garant\u00edas.<!--more--><\/p>\n<hr \/>\n<p>Este mi\u00e9rcoles, personal de Comando de Patrullas <strong>aprehendi\u00f3 a tres j\u00f3venes por intentar robar en un predio tras escalar un pared\u00f3n.<\/strong><\/p>\n<p>&nbsp;<\/p>\n<p>Seg\u00fan se explic\u00f3,<strong> el hecho se registr\u00f3 en un predio ubicado en Belgrano y Dean Funes, donde los j\u00f3venes de 25, 28 y 29 a\u00f1os intentaron llevarse varios hierros, entre otras cosas.<\/strong><\/p>\n<p>&nbsp;<\/p>\n<p>El personal policial fue avisado de esta situaci\u00f3n y rode\u00f3 el lugar. <strong>Tras encontrarlos, fueron aprehendidos.<\/strong> Al constatar sus identidades,<strong> sobre el joven de 29 a\u00f1os reca\u00eda un comparendo compulsivo a requerimiento del Juzgado de Garant\u00edas N\u00b01 de nuestra ciudad.<\/strong><\/p>\n<p>&nbsp;<\/p>\n<p><strong>Todos fueron trasladados a la Comisar\u00eda Segunda<\/strong>, donde quedaron a disposici\u00f3n de la UFI N\u00b010, a cargo del fiscal Miguel Pi\u00f1eiro. La causa fue caratulada como<strong><em> \u201cTentativa de hurto agravado por escalamiento in fraganti delito\u201d.<\/em><\/strong><\/p>\n","protected":false},"excerpt":{"rendered":"<p>Fue en la zona de Belgrano y Dean Funes este mi\u00e9rcoles. Adem\u00e1s, sobre uno de ellos reca\u00eda un pedido de<\/p>\n","protected":false},"author":2,"featured_media":77604,"comment_status":"closed","ping_status":"closed","sticky":false,"template":"","format":"standard","meta":{"_jetpack_memberships_contains_paid_content":false,"footnotes":""},"categories":[14,1],"tags":[],"class_list":["post-77603","post","type-post","status-publish","format-standard","has-post-thumbnail","hentry","category-policiales","category-portada"],"jetpack_featured_media_url":"https:\/\/i0.wp.com\/cdnoticias.com\/wp-content\/uploads\/2023\/02\/WhatsApp-Image-2023-02-22-at-16.22.36.jpeg?fit=899%2C659&ssl=1","jetpack_sharing_enabled":true,"_links":{"self":[{"href":"https:\/\/cdnoticias.com\/index.php\/wp-json\/wp\/v2\/posts\/77603","targetHints":{"allow":["GET"]}}],"collection":[{"href":"https:\/\/cdnoticias.com\/index.php\/wp-json\/wp\/v2\/posts"}],"about":[{"href":"https:\/\/cdnoticias.com\/index.php\/wp-json\/wp\/v2\/types\/post"}],"author":[{"embeddable":true,"href":"https:\/\/cdnoticias.com\/index.php\/wp-json\/wp\/v2\/users\/2"}],"replies":[{"embeddable":true,"href":"https:\/\/cdnoticias.com\/index.php\/wp-json\/wp\/v2\/comments?post=77603"}],"version-history":[{"count":0,"href":"https:\/\/cdnoticias.com\/index.php\/wp-json\/wp\/v2\/posts\/77603\/revisions"}],"wp:featuredmedia":[{"embeddable":true,"href":"https:\/\/cdnoticias.com\/index.php\/wp-json\/wp\/v2\/media\/77604"}],"wp:attachment":[{"href":"https:\/\/cdnoticias.com\/index.php\/wp-json\/wp\/v2\/media?parent=77603"}],"wp:term":[{"taxonomy":"category","embeddable":true,"href":"https:\/\/cdnoticias.com\/index.php\/wp-json\/wp\/v2\/categories?post=77603"},{"taxonomy":"post_tag","embeddable":true,"href":"https:\/\/cdnoticias.com\/index.php\/wp-json\/wp\/v2\/tags?post=77603"}],"curies":[{"name":"wp","href":"https:\/\/api.w.org\/{rel}","templated":true}]}}