{"id":77594,"date":"2023-02-22T18:30:02","date_gmt":"2023-02-22T21:30:02","guid":{"rendered":"https:\/\/www.centraldenoticias.com.ar\/?p=77594"},"modified":"2023-02-22T19:32:33","modified_gmt":"2023-02-22T22:32:33","slug":"silvana-rosales-nos-preocupa-la-suspension-de-anses-del-programa-hogar","status":"publish","type":"post","link":"https:\/\/cdnoticias.com\/index.php\/2023\/02\/22\/silvana-rosales-nos-preocupa-la-suspension-de-anses-del-programa-hogar\/","title":{"rendered":"Silvana Rosales: \u201cnos preocupa la suspensi\u00f3n de ANSES del programa Hogar\u201d"},"content":{"rendered":"<p>La Subsecretaria de Desarrollo Social de Olavarr\u00eda explic\u00f3 los alcances de una medida que denunci\u00f3, \u201cperjudica a muchos olavarrienses\u201d.<!--more--><\/p>\n<hr \/>\n<p>La Subsecretaria de Desarrollo Social de Olavarr\u00eda, <strong>Silvana Rosales <\/strong>denunci\u00f3 la<strong> suspensi\u00f3n del programa Hogar que brinda la ANSES<\/strong> y se\u00f1al\u00f3 que <em><strong>&#8220;impacta directamente en la poblaci\u00f3n m\u00e1s vulnerable de Olavarr\u00eda&#8221;.\u00a0<\/strong><\/em><\/p>\n<p>&nbsp;<\/p>\n<p>En este sentido, Rosales explic\u00f3 que el programa Hogar <em>\u201cabona una suma equivalente al valor de una garrafa determinado por la Secretar\u00eda de Energ\u00eda de Naci\u00f3n y hoy est\u00e1 suspendido\u201d<\/em>. Asimismo, la funcionaria local agreg\u00f3 que <em>\u201cen los meses de verano se abona el valor de una garrafa y en invierno se duplica\u201d.<\/em><\/p>\n<p>&nbsp;<\/p>\n<p><em><strong>\u201cEstamos recibiendo muchos reclamos por esta situaci\u00f3n porque afecta a la poblaci\u00f3n m\u00e1s vulnerable. La situaci\u00f3n nos preocupa porque estamos cerca de que empiece a bajar la temperatura y hay muchas familias con menores sin la asistencia<\/strong><\/em>\u201d remarc\u00f3 Rosales.<\/p>\n<p>&nbsp;<\/p>\n<p>Por \u00faltimo, Rosales manifest\u00f3: <em><strong>\u201cN<\/strong><strong><em>o sabem<\/em>os si corresponde a un recorte presupuestario del ministerio de econom\u00eda que comanda Sergio Massa pero solicitamos a las autoridades nacionales que resuelvan esta problem\u00e1tica\u201d.<\/strong><\/em><\/p>\n","protected":false},"excerpt":{"rendered":"<p>La Subsecretaria de Desarrollo Social de Olavarr\u00eda explic\u00f3 los alcances de una medida que denunci\u00f3, \u201cperjudica a muchos olavarrienses\u201d.<\/p>\n","protected":false},"author":6,"featured_media":77595,"comment_status":"closed","ping_status":"closed","sticky":false,"template":"","format":"standard","meta":{"_jetpack_memberships_contains_paid_content":false,"footnotes":""},"categories":[4,1],"tags":[],"class_list":["post-77594","post","type-post","status-publish","format-standard","has-post-thumbnail","hentry","category-politica","category-portada"],"jetpack_featured_media_url":"https:\/\/i0.wp.com\/cdnoticias.com\/wp-content\/uploads\/2023\/02\/silvanarosales-scaled.jpg?fit=2560%2C1711&ssl=1","jetpack_sharing_enabled":true,"_links":{"self":[{"href":"https:\/\/cdnoticias.com\/index.php\/wp-json\/wp\/v2\/posts\/77594","targetHints":{"allow":["GET"]}}],"collection":[{"href":"https:\/\/cdnoticias.com\/index.php\/wp-json\/wp\/v2\/posts"}],"about":[{"href":"https:\/\/cdnoticias.com\/index.php\/wp-json\/wp\/v2\/types\/post"}],"author":[{"embeddable":true,"href":"https:\/\/cdnoticias.com\/index.php\/wp-json\/wp\/v2\/users\/6"}],"replies":[{"embeddable":true,"href":"https:\/\/cdnoticias.com\/index.php\/wp-json\/wp\/v2\/comments?post=77594"}],"version-history":[{"count":0,"href":"https:\/\/cdnoticias.com\/index.php\/wp-json\/wp\/v2\/posts\/77594\/revisions"}],"wp:featuredmedia":[{"embeddable":true,"href":"https:\/\/cdnoticias.com\/index.php\/wp-json\/wp\/v2\/media\/77595"}],"wp:attachment":[{"href":"https:\/\/cdnoticias.com\/index.php\/wp-json\/wp\/v2\/media?parent=77594"}],"wp:term":[{"taxonomy":"category","embeddable":true,"href":"https:\/\/cdnoticias.com\/index.php\/wp-json\/wp\/v2\/categories?post=77594"},{"taxonomy":"post_tag","embeddable":true,"href":"https:\/\/cdnoticias.com\/index.php\/wp-json\/wp\/v2\/tags?post=77594"}],"curies":[{"name":"wp","href":"https:\/\/api.w.org\/{rel}","templated":true}]}}