{"id":77518,"date":"2023-02-22T10:08:35","date_gmt":"2023-02-22T13:08:35","guid":{"rendered":"https:\/\/www.centraldenoticias.com.ar\/?p=77518"},"modified":"2023-02-22T12:40:52","modified_gmt":"2023-02-22T15:40:52","slug":"fatal-accidente-en-ruta-3-fallecio-un-motociclista","status":"publish","type":"post","link":"https:\/\/cdnoticias.com\/index.php\/2023\/02\/22\/fatal-accidente-en-ruta-3-fallecio-un-motociclista\/","title":{"rendered":"Fatal accidente en ruta 3: falleci\u00f3 un motociclista \u00a0"},"content":{"rendered":"<p>Ocurri\u00f3 en el kil\u00f3metro 270 de la ruta nacional, en el partido de Azul. Chocaron una moto y un auto. El conductor del rodado menor falleci\u00f3 en el accidente.<!--more--><\/p>\n<hr \/>\n<p>Este mi\u00e9rcoles, por causas que se tratan de establecer <strong>chocaron una moto y un auto en el kil\u00f3metro 270 de la ruta 3, partido de Azul.\u00a0<\/strong><\/p>\n<p>&nbsp;<\/p>\n<p>Seg\u00fan se indic\u00f3, el auto Volkswagen Gol era conducido por Mart\u00edn Marini, con domicilio en Los Cardales, General Rodr\u00edguez y circulaba en direcci\u00f3n descendiente. Mientras que la moto Yamaha circulaba en direcci\u00f3n contraria y era guiada por <strong>Gustavo Peralta, de 56 a\u00f1os, oriundo de La Plata.<\/strong><\/p>\n<p>&nbsp;<\/p>\n<blockquote><p>Como consecuencia del fuerte impacto, el conductor de la moto perdi\u00f3 la vida en el accidente.<\/p><\/blockquote>\n<p>&nbsp;<\/p>\n<p><img data-recalc-dims=\"1\" loading=\"lazy\" decoding=\"async\" class=\"aligncenter size-full wp-image-77520\" src=\"https:\/\/i0.wp.com\/cdnoticias.com\/wp-content\/uploads\/2023\/02\/accidente-ruta3-km270-2.jpg?resize=800%2C450&#038;ssl=1\" alt=\"\" width=\"800\" height=\"450\" srcset=\"https:\/\/i0.wp.com\/cdnoticias.com\/wp-content\/uploads\/2023\/02\/accidente-ruta3-km270-2.jpg?w=1440&amp;ssl=1 1440w, https:\/\/i0.wp.com\/cdnoticias.com\/wp-content\/uploads\/2023\/02\/accidente-ruta3-km270-2.jpg?resize=300%2C169&amp;ssl=1 300w, https:\/\/i0.wp.com\/cdnoticias.com\/wp-content\/uploads\/2023\/02\/accidente-ruta3-km270-2.jpg?resize=1024%2C576&amp;ssl=1 1024w, https:\/\/i0.wp.com\/cdnoticias.com\/wp-content\/uploads\/2023\/02\/accidente-ruta3-km270-2.jpg?resize=768%2C432&amp;ssl=1 768w\" sizes=\"auto, (max-width: 800px) 100vw, 800px\" \/><\/p>\n<p>&nbsp;<\/p>\n<p><img data-recalc-dims=\"1\" loading=\"lazy\" decoding=\"async\" class=\"aligncenter size-full wp-image-77519\" src=\"https:\/\/i0.wp.com\/cdnoticias.com\/wp-content\/uploads\/2023\/02\/accidente-ruta3-km270-1.jpg?resize=800%2C450&#038;ssl=1\" alt=\"\" width=\"800\" height=\"450\" srcset=\"https:\/\/i0.wp.com\/cdnoticias.com\/wp-content\/uploads\/2023\/02\/accidente-ruta3-km270-1.jpg?w=1440&amp;ssl=1 1440w, https:\/\/i0.wp.com\/cdnoticias.com\/wp-content\/uploads\/2023\/02\/accidente-ruta3-km270-1.jpg?resize=300%2C169&amp;ssl=1 300w, https:\/\/i0.wp.com\/cdnoticias.com\/wp-content\/uploads\/2023\/02\/accidente-ruta3-km270-1.jpg?resize=1024%2C576&amp;ssl=1 1024w, https:\/\/i0.wp.com\/cdnoticias.com\/wp-content\/uploads\/2023\/02\/accidente-ruta3-km270-1.jpg?resize=768%2C432&amp;ssl=1 768w\" sizes=\"auto, (max-width: 800px) 100vw, 800px\" \/><\/p>\n<p>&nbsp;<\/p>\n<p>Trabajan en el lugar, personal de bomberos voluntarios de Cachar\u00ed, polic\u00edas de Vial Azul y agentes de peajes.<\/p>\n<p>&nbsp;<\/p>\n<p>La ruta se encuentra <strong>totalmente cortada al paso de los veh\u00edculos.<\/strong><\/p>\n<p>&nbsp;<\/p>\n<p><em>Fuente y fotos: Noticias de Azul.<\/em><\/p>\n","protected":false},"excerpt":{"rendered":"<p>Ocurri\u00f3 en el kil\u00f3metro 270 de la ruta nacional, en el partido de Azul. Chocaron una moto y un auto.<\/p>\n","protected":false},"author":5,"featured_media":77521,"comment_status":"closed","ping_status":"closed","sticky":false,"template":"","format":"standard","meta":{"_jetpack_memberships_contains_paid_content":false,"footnotes":""},"categories":[6,1],"tags":[],"class_list":["post-77518","post","type-post","status-publish","format-standard","has-post-thumbnail","hentry","category-nacionales","category-portada"],"jetpack_featured_media_url":"https:\/\/i0.wp.com\/cdnoticias.com\/wp-content\/uploads\/2023\/02\/accidente-ruta3-km270-3.jpg?fit=811%2C418&ssl=1","jetpack_sharing_enabled":true,"_links":{"self":[{"href":"https:\/\/cdnoticias.com\/index.php\/wp-json\/wp\/v2\/posts\/77518","targetHints":{"allow":["GET"]}}],"collection":[{"href":"https:\/\/cdnoticias.com\/index.php\/wp-json\/wp\/v2\/posts"}],"about":[{"href":"https:\/\/cdnoticias.com\/index.php\/wp-json\/wp\/v2\/types\/post"}],"author":[{"embeddable":true,"href":"https:\/\/cdnoticias.com\/index.php\/wp-json\/wp\/v2\/users\/5"}],"replies":[{"embeddable":true,"href":"https:\/\/cdnoticias.com\/index.php\/wp-json\/wp\/v2\/comments?post=77518"}],"version-history":[{"count":0,"href":"https:\/\/cdnoticias.com\/index.php\/wp-json\/wp\/v2\/posts\/77518\/revisions"}],"wp:featuredmedia":[{"embeddable":true,"href":"https:\/\/cdnoticias.com\/index.php\/wp-json\/wp\/v2\/media\/77521"}],"wp:attachment":[{"href":"https:\/\/cdnoticias.com\/index.php\/wp-json\/wp\/v2\/media?parent=77518"}],"wp:term":[{"taxonomy":"category","embeddable":true,"href":"https:\/\/cdnoticias.com\/index.php\/wp-json\/wp\/v2\/categories?post=77518"},{"taxonomy":"post_tag","embeddable":true,"href":"https:\/\/cdnoticias.com\/index.php\/wp-json\/wp\/v2\/tags?post=77518"}],"curies":[{"name":"wp","href":"https:\/\/api.w.org\/{rel}","templated":true}]}}