{"id":77514,"date":"2023-02-22T09:34:43","date_gmt":"2023-02-22T12:34:43","guid":{"rendered":"https:\/\/www.centraldenoticias.com.ar\/?p=77514"},"modified":"2023-02-22T09:34:43","modified_gmt":"2023-02-22T12:34:43","slug":"victor-hugo-balbuena-q-e-p-d","status":"publish","type":"post","link":"https:\/\/cdnoticias.com\/index.php\/2023\/02\/22\/victor-hugo-balbuena-q-e-p-d\/","title":{"rendered":"V\u00edctor Hugo Balbuena (Q.E.P.D.)"},"content":{"rendered":"<p>Falleci\u00f3 en Olavarr\u00eda el 20 de febrero de 2023 a los 43 a\u00f1os de edad. Su madre: Olga Mirta Sandoval. Sus hermanos: Miguel, Marcelo, Mariela, Griselda, Karina, Mirian y Cristian. Sus hermanos pol\u00edticos: Mariano, Daniel, Mar\u00eda, Mar\u00eda Elena, Elizabeth y Dar\u00edo. Sus sobrinos: Valentina, Josefina, Dami\u00e1n, Orlando, Basti\u00e1n, Agustina, Benjam\u00edn, Brisa, Zoe, Jazm\u00edn, Naiara y dem\u00e1s deudos participan su fallecimiento.<\/p>\n<p>&nbsp;<\/p>\n<p>Sus restos son velados en Sala &#8220;D&#8221; de Espa\u00f1a 2942 este mi\u00e9rcoles a las 11:30 y ser\u00e1n inhumados en el cementerio Loma de Paz, a las 13:30, previo responso en la capilla ardiente. Servicio adherido a Coopelectric. Vecino de Sierra Chica. Nacido en Chaco. Empleado rural.<\/p>\n","protected":false},"excerpt":{"rendered":"<p>Falleci\u00f3 en Olavarr\u00eda el 20 de febrero de 2023 a los 43 a\u00f1os de edad. Su madre: Olga Mirta Sandoval.<\/p>\n","protected":false},"author":5,"featured_media":67646,"comment_status":"closed","ping_status":"closed","sticky":false,"template":"","format":"standard","meta":{"_jetpack_memberships_contains_paid_content":false,"footnotes":""},"categories":[10],"tags":[],"class_list":["post-77514","post","type-post","status-publish","format-standard","has-post-thumbnail","hentry","category-necrologicas"],"jetpack_featured_media_url":"https:\/\/i0.wp.com\/cdnoticias.com\/wp-content\/uploads\/2022\/10\/necrologicas-390-x-240.jpg?fit=390%2C240&ssl=1","jetpack_sharing_enabled":true,"_links":{"self":[{"href":"https:\/\/cdnoticias.com\/index.php\/wp-json\/wp\/v2\/posts\/77514","targetHints":{"allow":["GET"]}}],"collection":[{"href":"https:\/\/cdnoticias.com\/index.php\/wp-json\/wp\/v2\/posts"}],"about":[{"href":"https:\/\/cdnoticias.com\/index.php\/wp-json\/wp\/v2\/types\/post"}],"author":[{"embeddable":true,"href":"https:\/\/cdnoticias.com\/index.php\/wp-json\/wp\/v2\/users\/5"}],"replies":[{"embeddable":true,"href":"https:\/\/cdnoticias.com\/index.php\/wp-json\/wp\/v2\/comments?post=77514"}],"version-history":[{"count":0,"href":"https:\/\/cdnoticias.com\/index.php\/wp-json\/wp\/v2\/posts\/77514\/revisions"}],"wp:featuredmedia":[{"embeddable":true,"href":"https:\/\/cdnoticias.com\/index.php\/wp-json\/wp\/v2\/media\/67646"}],"wp:attachment":[{"href":"https:\/\/cdnoticias.com\/index.php\/wp-json\/wp\/v2\/media?parent=77514"}],"wp:term":[{"taxonomy":"category","embeddable":true,"href":"https:\/\/cdnoticias.com\/index.php\/wp-json\/wp\/v2\/categories?post=77514"},{"taxonomy":"post_tag","embeddable":true,"href":"https:\/\/cdnoticias.com\/index.php\/wp-json\/wp\/v2\/tags?post=77514"}],"curies":[{"name":"wp","href":"https:\/\/api.w.org\/{rel}","templated":true}]}}