{"id":77507,"date":"2023-02-23T20:47:35","date_gmt":"2023-02-23T23:47:35","guid":{"rendered":"https:\/\/www.centraldenoticias.com.ar\/?p=77507"},"modified":"2023-02-23T22:55:59","modified_gmt":"2023-02-24T01:55:59","slug":"planificar-el-crecimiento-alguien-quiere-pensar-en-la-ciudad","status":"publish","type":"post","link":"https:\/\/cdnoticias.com\/index.php\/2023\/02\/23\/planificar-el-crecimiento-alguien-quiere-pensar-en-la-ciudad\/","title":{"rendered":"Planificar el crecimiento: \u00bfAlguien quiere pensar en la ciudad?"},"content":{"rendered":"<p>Cambio clim\u00e1tico y el movimiento dentro de las ciudades. \u00bfSe planifica el crecimiento de una ciudad? \u00bfC\u00f3mo influye eso en el trasporte y la emisi\u00f3n de gases que provocan el efecto invernadero? En este a\u00f1o electoral, ser\u00eda importante saber en qu\u00e9 ciudad est\u00e1n pensando cada una y cada uno de los precandidatos a Intendente.<!--more--><\/p>\n<hr \/>\n<p><em>Por Marcos Pascua<\/em><\/p>\n<p>&nbsp;<\/p>\n<p>Hay un tema que nos preocupa y ocupa de hace un tiempo a esta parte que es el cambio clim\u00e1tico y dentro de \u00e9l la ciudad. Como nos movemos en ella influye mucho en las emisiones de los gases que producen el efecto invernadero. No solo se trata de sembrar m\u00e1s \u00e1rboles o no ensuciar la ciudad, sino tambi\u00e9n de c\u00f3mo es su configuraci\u00f3n, pero \u00bfcu\u00e1nto se piensa en esto?, \u00bfse planifica el crecimiento de una ciudad?, \u00bfla planificaci\u00f3n va detr\u00e1s del crecimiento? y c\u00f3mo influye eso en el transporte y la emisi\u00f3n de gases que provocan el efecto invernadero.<\/p>\n<p>&nbsp;<\/p>\n<p><strong>Una cuesti\u00f3n de emisiones<\/strong><\/p>\n<p><strong>\u00a0<\/strong><\/p>\n<p>Si hablamos de las principales actividades que emiten los gases que provocan el efecto invernadero, podemos hablar, a grandes rasgos, de tres actividades principales: <strong>energ\u00eda, transporte y alimentaci\u00f3n.<\/strong> Estos son los principales ejes a trabajar para <strong>disminuir la emisi\u00f3n de gases de efecto invernadero<\/strong> y llegar a eso que muchos pa\u00edses se han planteado como objetivo, que es la carboneutralidad. Claro que aqu\u00ed hablaremos del transporte.<\/p>\n<p>&nbsp;<\/p>\n<p>A nivel global, <strong>el transporte representa el 15% de las emisiones de gases<\/strong> que provocan el efecto invernadero, pero claro, esto es un promedio. Mientras que en <strong>Europa <\/strong>el transporte contribuye a alrededor del <strong>25% a las emisiones<\/strong>, en <strong>Estados Unidos<\/strong> representa el <strong>30%<\/strong> y en <strong>Argentina <\/strong>ese n\u00famero es alrededor de un <strong>14%.<\/strong><\/p>\n<p>&nbsp;<\/p>\n<figure id=\"attachment_77508\" aria-describedby=\"caption-attachment-77508\" style=\"width: 641px\" class=\"wp-caption aligncenter\"><img data-recalc-dims=\"1\" loading=\"lazy\" decoding=\"async\" class=\"size-full wp-image-77508\" src=\"https:\/\/i0.wp.com\/cdnoticias.com\/wp-content\/uploads\/2023\/02\/IMAGEN-1.png?resize=641%2C403&#038;ssl=1\" alt=\"\" width=\"641\" height=\"403\" srcset=\"https:\/\/i0.wp.com\/cdnoticias.com\/wp-content\/uploads\/2023\/02\/IMAGEN-1.png?w=641&amp;ssl=1 641w, https:\/\/i0.wp.com\/cdnoticias.com\/wp-content\/uploads\/2023\/02\/IMAGEN-1.png?resize=300%2C189&amp;ssl=1 300w\" sizes=\"auto, (max-width: 641px) 100vw, 641px\" \/><figcaption id=\"caption-attachment-77508\" class=\"wp-caption-text\">Distribuci\u00f3n porcentual de las emisiones de GEI globales por el sector transporte en el a\u00f1o 2018, considerando distintos tipos de veh\u00edculos (Clima, 2022, El Gato y La Caja).<\/figcaption><\/figure>\n<p>&nbsp;<\/p>\n<p><strong>No todo da lo mismo<\/strong><\/p>\n<p><strong>\u00a0<\/strong><\/p>\n<p>Por supuesto que dentro de ese 14% no todas las formas de moverse aportan de la misma manera y para eso vamos a ver un gr\u00e1fico que surge de un estudio realizado en el \u00c1rea Metropolitana de Buenos Aires.<\/p>\n<p>&nbsp;<\/p>\n<p>&nbsp;<\/p>\n<figure id=\"attachment_77509\" aria-describedby=\"caption-attachment-77509\" style=\"width: 677px\" class=\"wp-caption aligncenter\"><img data-recalc-dims=\"1\" loading=\"lazy\" decoding=\"async\" class=\"size-full wp-image-77509\" src=\"https:\/\/i0.wp.com\/cdnoticias.com\/wp-content\/uploads\/2023\/02\/IMAGEN-2.png?resize=677%2C335&#038;ssl=1\" alt=\"\" width=\"677\" height=\"335\" srcset=\"https:\/\/i0.wp.com\/cdnoticias.com\/wp-content\/uploads\/2023\/02\/IMAGEN-2.png?w=677&amp;ssl=1 677w, https:\/\/i0.wp.com\/cdnoticias.com\/wp-content\/uploads\/2023\/02\/IMAGEN-2.png?resize=300%2C148&amp;ssl=1 300w\" sizes=\"auto, (max-width: 677px) 100vw, 677px\" \/><figcaption id=\"caption-attachment-77509\" class=\"wp-caption-text\">Emisiones de GEI por tipo de veh\u00edculo en CABA en 2017 y viajes por modo en el AMBA en 2018.<\/figcaption><\/figure>\n<p>&nbsp;<\/p>\n<p>Como vemos en el estudio realizado, <strong>los autom\u00f3viles particulares emitieron alrededor del 50% de los gases<\/strong> que provocan el efecto invernadero y representaron el <strong>23,2% de los viajes realizados en 2018.<\/strong> Veamos el contraste con el <strong>transporte p\u00fablico<\/strong> que en 2018 fue responsable del <strong>7,1% de los gases emitidos y represent\u00f3 el 33,4% de los viajes realizados<\/strong> y es por eso que no todo da lo mismo. En este ejemplo, podemos ver como el veh\u00edculo particular y el colectivo emiten gases de efecto invernadero, pero su eficiencia es distinta, mientras <strong>el auto transporta en promedio 1,3 personas por viaje, el colectivo puede transportar hasta 33 personas sentadas.<\/strong> Incluso, el transporte p\u00fablico es mucho m\u00e1s eficiente si medimos las emisiones provocadas por persona. Ni hablar que este contraste es a\u00fan mayor si comparamos autom\u00f3viles particulares con la bicicleta, el tren o el moverse a pie.<\/p>\n<p>&nbsp;<\/p>\n<p>Algo parecido sucede con el espacio, <strong>para mover aproximadamente la misma cantidad de personas que entran sentadas en un colectivo de l\u00ednea se necesitar\u00edan 16,5 autos si van dos personas en cada uno o casi 25 atendiendo al promedio de 1,3 personas que se mueven en un autom\u00f3vil promedio.<\/strong> Y el espacio es siempre el mismo, por eso a mayor cantidad de autos, no solo mayor cantidad de emisiones, tambi\u00e9n m\u00e1s demoras, menos espacio y m\u00e1s embotellamientos, porque en definitiva el auto es un bien de lujo y el lujo no se democratiza. Si todas las personas deciden utilizar su auto, ninguna le puede sacar provecho.<\/p>\n<p>&nbsp;<\/p>\n<p><strong>\u00bfPor qu\u00e9 nos movemos?<\/strong><\/p>\n<p>&nbsp;<\/p>\n<p><strong>Nos movemos por necesidad<\/strong>, ya sea por trabajo, por buscar insumos para nuestra vida cotidiana, por salud o por ocio, pero siempre nos movemos por alg\u00fan motivo. En el caso de aquellas personas que trabajan en forma remota, no necesitan moverse al trabajo o si, por ejemplo, tienen una huerta de la que proveerse, tampoco ir\u00edan a la verduler\u00eda. En definitiva, siempre nos movemos para suplir alguna necesidad, por eso, la mejor movilidad es la que no tenemos necesidad de hacer.<\/p>\n<p>&nbsp;<\/p>\n<p>La realidad es que siempre vamos a necesitar suplir alguna necesidad fuera de nuestros hogares y es por eso que nos vamos a tener que mover de un punto A a un punto B, lo ideal ser\u00eda, que <strong>esta distancia sea la menor posible y que en todo caso nuestra elecci\u00f3n para movernos sea la de menor emisi\u00f3n posible.<\/strong><\/p>\n<p>&nbsp;<\/p>\n<p><strong>El futuro es hoy<\/strong><\/p>\n<p><strong>\u00a0<\/strong><\/p>\n<p>Este concepto de movernos lo menos posible se refleja en el modelo conocido como <strong>\u201cla ciudad de los 15\u00b4\u201d,<\/strong> donde todo lo que necesitamos, <strong>educaci\u00f3n, salud, trabajo, est\u00e1 dentro de un radio de 15\u00b4 de viaje de nuestros hogares.<\/strong> Este modelo es en el que debemos pensar y adaptar a nuestras ciudades, porque muchos de los viajes en ciudades como Olavarr\u00eda, se hacen en 15\u00b4o incluso menos.<\/p>\n<p>&nbsp;<\/p>\n<p>En esa ciudad del futuro, en la que nos movamos lo menos posible o al menos hacerlo en forma sustentable <strong>depende de las decisiones que tomemos hoy<\/strong>, porque ese futuro que aparec\u00eda en un horizonte lejano, cada vez se nos acerca m\u00e1s, lo bueno es que, aun as\u00ed, todav\u00eda estamos a tiempo de mejorar esta situaci\u00f3n, pero claro, <strong>depende de cada uno de nosotros tanto en lo individual, como en lo colectivo.<\/strong><\/p>\n<p>&nbsp;<\/p>\n<p>Si bien planificar el crecimiento de una ciudad es complejo porque depende de muchos factores, si ser\u00eda importante saber en este a\u00f1o electoral, <strong>en qu\u00e9 est\u00e1n pensando en t\u00e9rminos de ciudad, movilidad y seguridad vial<\/strong> aquellas personas que pretenden administrar la ciudad, porque m\u00e1s all\u00e1 de los debates urgentes, que parecen que son siempre los mismos y a veces aburren o las chicanas pol\u00edticas, saber en qu\u00e9 ciudad est\u00e1n pensando cada una y cada uno de los precandidatos a intendente de la ciudad es importante y si a\u00fan no lo pensaron, desde este humilde espacio invitamos a que lo hagan, porque de eso depende c\u00f3mo vamos a enfrentar las demandas de un futuro no tan lejano.<\/p>\n<p>&nbsp;<\/p>\n<p>Nos volvemos a leer en unos d\u00edas. Buena semana.<\/p>\n<p>&nbsp;<\/p>\n<p><em>Fuentes: este art\u00edculo tiene base en el cap\u00edtulo Movilidad del libro Clima de El Gato y La Caja, para acceder al cap\u00edtulo completo o al libro pod\u00e9s hacer <a href=\"https:\/\/elgatoylacaja.com\/clima\/movilidad\" target=\"_blank\" rel=\"noopener\">click ac\u00e1.<\/a><\/em><\/p>\n<p>&nbsp;<\/p>\n","protected":false},"excerpt":{"rendered":"<p>Cambio clim\u00e1tico y el movimiento dentro de las ciudades. \u00bfSe planifica el crecimiento de una ciudad? \u00bfC\u00f3mo influye eso en<\/p>\n","protected":false},"author":5,"featured_media":77510,"comment_status":"closed","ping_status":"closed","sticky":false,"template":"","format":"standard","meta":{"_jetpack_memberships_contains_paid_content":false,"footnotes":""},"categories":[5,1],"tags":[],"class_list":["post-77507","post","type-post","status-publish","format-standard","has-post-thumbnail","hentry","category-informacion-general","category-portada"],"jetpack_featured_media_url":"https:\/\/i0.wp.com\/cdnoticias.com\/wp-content\/uploads\/2023\/02\/PORTADA.jpg?fit=568%2C316&ssl=1","jetpack_sharing_enabled":true,"_links":{"self":[{"href":"https:\/\/cdnoticias.com\/index.php\/wp-json\/wp\/v2\/posts\/77507","targetHints":{"allow":["GET"]}}],"collection":[{"href":"https:\/\/cdnoticias.com\/index.php\/wp-json\/wp\/v2\/posts"}],"about":[{"href":"https:\/\/cdnoticias.com\/index.php\/wp-json\/wp\/v2\/types\/post"}],"author":[{"embeddable":true,"href":"https:\/\/cdnoticias.com\/index.php\/wp-json\/wp\/v2\/users\/5"}],"replies":[{"embeddable":true,"href":"https:\/\/cdnoticias.com\/index.php\/wp-json\/wp\/v2\/comments?post=77507"}],"version-history":[{"count":0,"href":"https:\/\/cdnoticias.com\/index.php\/wp-json\/wp\/v2\/posts\/77507\/revisions"}],"wp:featuredmedia":[{"embeddable":true,"href":"https:\/\/cdnoticias.com\/index.php\/wp-json\/wp\/v2\/media\/77510"}],"wp:attachment":[{"href":"https:\/\/cdnoticias.com\/index.php\/wp-json\/wp\/v2\/media?parent=77507"}],"wp:term":[{"taxonomy":"category","embeddable":true,"href":"https:\/\/cdnoticias.com\/index.php\/wp-json\/wp\/v2\/categories?post=77507"},{"taxonomy":"post_tag","embeddable":true,"href":"https:\/\/cdnoticias.com\/index.php\/wp-json\/wp\/v2\/tags?post=77507"}],"curies":[{"name":"wp","href":"https:\/\/api.w.org\/{rel}","templated":true}]}}