{"id":77467,"date":"2023-02-22T08:18:32","date_gmt":"2023-02-22T11:18:32","guid":{"rendered":"https:\/\/www.centraldenoticias.com.ar\/?p=77467"},"modified":"2023-02-22T08:18:32","modified_gmt":"2023-02-22T11:18:32","slug":"el-feriado-de-carnaval-2023-movilizo-a-casi-3-millones-de-turistas","status":"publish","type":"post","link":"https:\/\/cdnoticias.com\/index.php\/2023\/02\/22\/el-feriado-de-carnaval-2023-movilizo-a-casi-3-millones-de-turistas\/","title":{"rendered":"El feriado de Carnaval 2023 moviliz\u00f3 a casi 3 millones de turistas"},"content":{"rendered":"<p>Lo inform\u00f3 la CAME, que destac\u00f3 que el impacto econ\u00f3mico directo fue de 106.704 millones de pesos. Viajaron 6,4% m\u00e1s de personas que en el Carnaval 2022. Mayor presencia de visitantes internacionales.<!--more--><\/p>\n<hr \/>\n<p><strong>El primer fin de semana largo del a\u00f1o, el Carnaval, bati\u00f3 todos los r\u00e9cords<\/strong>. Viajaron <strong>casi tres millones de turistas<\/strong> por la Argentina, 6,4% m\u00e1s que el a\u00f1o pasado, y dejaron un<strong> impacto econ\u00f3mico directo de $106.704 millones<\/strong> en alimentos, bebidas, alojamiento, transporte, recreaci\u00f3n y compras diversas. Esto representa <strong>un 15,3% m\u00e1s<\/strong>, a precios constantes, frente al mismo fin de semana del 2022.<\/p>\n<p>&nbsp;<\/p>\n<p>La informaci\u00f3n fue dada a conocer por la <strong>Confederaci\u00f3n Argentina de la Mediana Empresa (CAME)<\/strong>, desde donde se tuvo en cuenta que <em>&#8220;el fin de semana de cuatro d\u00edas super\u00f3 incluso los registros de Semana Santa y se estar\u00eda posicionando como el m\u00e1s importante y transitado del a\u00f1o, contando el calendario de feriados\u201d<\/em>.<\/p>\n<p>&nbsp;<\/p>\n<p>En base al relevamiento propio, se indic\u00f3 que <strong>el gasto diario, que promedi\u00f3 los $9.600 por persona<\/strong>, aument\u00f3 14,1% (tambi\u00e9n medido a precios constantes).<\/p>\n<p>&nbsp;<\/p>\n<p><strong>La estad\u00eda media fue de 3,8 d\u00edas<\/strong>, levemente inferior al a\u00f1o pasado (4 d\u00edas) que responde en parte a la intenci\u00f3n de reducir costos, pero tambi\u00e9n a que se eligieron destinos m\u00e1s lejanos que lo que fue la temporada pasada, cuando todav\u00eda el Covid estaba amenazante.<\/p>\n<p>&nbsp;<\/p>\n<p>Hay que sumar a ellos la cantidad de excursionistas que viajaron de una ciudad a otra a presenciar carnavales y espect\u00e1culos. <strong>Para los empresarios del sector, el feriado fue bueno y se trabaj\u00f3 a pleno.<\/strong> Muchas ciudades colmaron sus alojamientos ya con las reservas previas, sin lugar para quienes llegaron sobre hora.<\/p>\n<p>&nbsp;<\/p>\n<p><img data-recalc-dims=\"1\" loading=\"lazy\" decoding=\"async\" class=\"aligncenter wp-image-77472\" src=\"https:\/\/i0.wp.com\/cdnoticias.com\/wp-content\/uploads\/2023\/02\/DIB-turismo-feriado-carnaval-0.jpg?resize=800%2C534&#038;ssl=1\" alt=\"\" width=\"800\" height=\"534\" srcset=\"https:\/\/i0.wp.com\/cdnoticias.com\/wp-content\/uploads\/2023\/02\/DIB-turismo-feriado-carnaval-0.jpg?w=1024&amp;ssl=1 1024w, https:\/\/i0.wp.com\/cdnoticias.com\/wp-content\/uploads\/2023\/02\/DIB-turismo-feriado-carnaval-0.jpg?resize=300%2C200&amp;ssl=1 300w, https:\/\/i0.wp.com\/cdnoticias.com\/wp-content\/uploads\/2023\/02\/DIB-turismo-feriado-carnaval-0.jpg?resize=768%2C512&amp;ssl=1 768w, https:\/\/i0.wp.com\/cdnoticias.com\/wp-content\/uploads\/2023\/02\/DIB-turismo-feriado-carnaval-0.jpg?resize=272%2C182&amp;ssl=1 272w\" sizes=\"auto, (max-width: 800px) 100vw, 800px\" \/><\/p>\n<p>&nbsp;<\/p>\n<p>El <strong>tiempo<\/strong> no comenz\u00f3 bien, con un viernes nublado, fr\u00edo y lluvioso en muchas ciudades, pero fue mejorando para el s\u00e1bado, cuando con algunas nubes de paso, el sol brill\u00f3 en el pa\u00eds entero. Igual, el d\u00eda fue fresco, con temperaturas m\u00ednimas que llegaron a los 2 grados y m\u00e1ximas de 26. Desde el domingo el tiempo comenz\u00f3 a ser m\u00e1s caluroso, con m\u00e1ximas de hasta 36 grados en algunas regiones ya sobre lunes y martes.<\/p>\n<p>&nbsp;<\/p>\n<p>El Carnaval es una convocatoria concentrada en los festejos alrededor de comparsas, murgas, m\u00fasica, guerra de espumas, donde se contagia energ\u00eda y los turistas se mezclan con la poblaci\u00f3n local. Tambi\u00e9n es una buena fecha comercial, donde los visitantes gastan y los negocios por unos d\u00edas vive al ritmo de la m\u00fasica.<\/p>\n<p>&nbsp;<\/p>\n<p>Los <strong>destinos m\u00e1s elegidos<\/strong> fueron las ciudades con tradici\u00f3n de carnaval, destac\u00e1ndose las ubicadas en Entre R\u00edos, Corrientes, Tucum\u00e1n, Salta y Jujuy, con dos modalidades de festejos muy diferentes entre el Litoral y el Norte argentino. Pero tambi\u00e9n las ciudades de la costa y el interior bonaerense convocaron gente con sus carnavales, que cada a\u00f1o son m\u00e1s sofisticados.<\/p>\n<p>&nbsp;<\/p>\n<p><strong>Los principales datos <\/strong>(variaciones reales 2023\/2022):<\/p>\n<p><img data-recalc-dims=\"1\" loading=\"lazy\" decoding=\"async\" class=\"size-large wp-image-77468 aligncenter\" src=\"https:\/\/i0.wp.com\/cdnoticias.com\/wp-content\/uploads\/2023\/02\/CAME-turismo-feriado-00.jpg?resize=800%2C249&#038;ssl=1\" alt=\"\" width=\"800\" height=\"249\" srcset=\"https:\/\/i0.wp.com\/cdnoticias.com\/wp-content\/uploads\/2023\/02\/CAME-turismo-feriado-00.jpg?resize=1024%2C319&amp;ssl=1 1024w, https:\/\/i0.wp.com\/cdnoticias.com\/wp-content\/uploads\/2023\/02\/CAME-turismo-feriado-00.jpg?resize=300%2C94&amp;ssl=1 300w, https:\/\/i0.wp.com\/cdnoticias.com\/wp-content\/uploads\/2023\/02\/CAME-turismo-feriado-00.jpg?resize=768%2C239&amp;ssl=1 768w, https:\/\/i0.wp.com\/cdnoticias.com\/wp-content\/uploads\/2023\/02\/CAME-turismo-feriado-00.jpg?w=1318&amp;ssl=1 1318w\" sizes=\"auto, (max-width: 800px) 100vw, 800px\" \/><\/p>\n<p>&nbsp;<\/p>\n<p><strong>Consideraciones Generales<\/strong><\/p>\n<p>&nbsp;<\/p>\n<ul>\n<li>El feriado de Carnaval no defraud\u00f3, y hasta sorprendi\u00f3 en algunas localidades por los altos niveles de convocatoria.<\/li>\n<\/ul>\n<p>&nbsp;<\/p>\n<ul>\n<li>El calendario de fiestas fue muy amplio y para todas las preferencias, donde cada regi\u00f3n le va poniendo un toque distintivo a sus festejos. Algunas en cors\u00f3dromos, otras en sierras, valles, playas y calles.<\/li>\n<\/ul>\n<p>&nbsp;<\/p>\n<ul>\n<li>Es el doceavo a\u00f1o consecutivo que la Argentina festeja oficialmente el Carnaval tras m\u00e1s de tres d\u00e9cadas en que esa celebraci\u00f3n hab\u00eda desaparecido del calendario de feriados nacionales. Y como lo lleg\u00f3 a ser en sus \u00e9pocas de esplendor, volvi\u00f3 a ser una festividad popular.<\/li>\n<\/ul>\n<p>&nbsp;<\/p>\n<ul>\n<li>Seg\u00fan datos del Ministerio de Transporte de la Naci\u00f3n, m\u00e1s de 900 mil personas se movilizaron en avi\u00f3n, tren y micros de larga distancia por el pa\u00eds, durante el fin de semana. Unos 170 mil pasajeros fueron transportados por Aerol\u00edneas Argentinas, un 15% m\u00e1s que para la misma fecha en la prepandemia.<\/li>\n<\/ul>\n<p>&nbsp;<\/p>\n<p><img data-recalc-dims=\"1\" loading=\"lazy\" decoding=\"async\" class=\"size-full wp-image-77469 aligncenter\" src=\"https:\/\/i0.wp.com\/cdnoticias.com\/wp-content\/uploads\/2023\/02\/CAME-turismo-feriado-01.jpg?resize=800%2C230&#038;ssl=1\" alt=\"\" width=\"800\" height=\"230\" srcset=\"https:\/\/i0.wp.com\/cdnoticias.com\/wp-content\/uploads\/2023\/02\/CAME-turismo-feriado-01.jpg?w=976&amp;ssl=1 976w, https:\/\/i0.wp.com\/cdnoticias.com\/wp-content\/uploads\/2023\/02\/CAME-turismo-feriado-01.jpg?resize=300%2C86&amp;ssl=1 300w, https:\/\/i0.wp.com\/cdnoticias.com\/wp-content\/uploads\/2023\/02\/CAME-turismo-feriado-01.jpg?resize=768%2C220&amp;ssl=1 768w\" sizes=\"auto, (max-width: 800px) 100vw, 800px\" \/><\/p>\n<p><strong>En la provincia de Buenos Aires<\/strong><\/p>\n<p>&nbsp;<\/p>\n<p>Respecto a los datos registrados en territorio bonaerense, CAME inform\u00f3 que a pesar del fr\u00edo del viernes y s\u00e1bado, <strong>miles de turistas se trasladaron a las playas bonaerenses<\/strong>. <a href=\"https:\/\/cdnoticias.com\/index.php\/2023\/02\/20\/fin-de-semana-largo-de-carnaval-registraron-buen-movimiento-turistico\/\" target=\"_blank\" rel=\"noopener\">En el mismo sentido se hab\u00edan pronunciado otros organismos de la provincia.<\/a><\/p>\n<p>&nbsp;<\/p>\n<p>En <strong>Mar del Plata<\/strong>, los hoteles y casas de categor\u00eda fueron los primeros en llenarse y la ocupaci\u00f3n promedi\u00f3 el 90%. Entre el mediod\u00eda del viernes y el s\u00e1bado, ingresaron un promedio de 800 veh\u00edculos por hora a la ciudad costera. A su vez, los trenes llegaron completos y el s\u00e1bado, por ejemplo, se inform\u00f3 el arribo de 304 micros de larga distancia. El gran Corso Central reuni\u00f3 a miles de personas, con espect\u00e1culos de renombre gratuitos.<\/p>\n<p>&nbsp;<\/p>\n<p>En tanto, en el <strong>Partido de La Costa<\/strong> la ocupaci\u00f3n fue casi plena, 95% de las 28 mil plazas hoteleras del distrito. En <strong>Pinamar<\/strong>, el hospedaje super\u00f3 el 90% de las 25 mil plazas disponibles, a las que se sumaron miles de propietarios no residentes que ocuparon sus casas. En el balneario de <strong>Monte Hermoso<\/strong>, se colmaron las 3.500 plazas hoteleras y las 15.000 de caba\u00f1as. Lo mismo en los balnearios <strong>Pehu\u00e9n Co<\/strong>, donde se ocuparon sus 5000 plazas y de <strong>Carhu\u00e9<\/strong>, reconocida en el mundo por sus aguas hipermarinas, donde tambi\u00e9n se colmaron sus 2000 plazas.<\/p>\n<p>&nbsp;<\/p>\n<p><em>Mar del Tuy\u00fa, San Clemente del Tuy\u00fa, Las Toninas, Santa Teresita, Costa del Este, La Lucila, San Bernardo, Mar de Aj\u00f3, Caril\u00f3, Mar de las Pampas, Valeria del Mar, Las Gaviotas, Mar Azul<\/em>, todos ellos fueron muy concurridos.<\/p>\n<p>&nbsp;<\/p>\n<p>Por su parte, <strong>en el interior<\/strong> se destacaron Sierra de la Ventana, con sus 7500 plazas ocupadas, Tandil, San Pedro, San Antonio de Areco, Lobos, Tigre, Jun\u00edn y Chascom\u00fas, donde m\u00e1s de 1.200 ni\u00f1os y 30 mil personas concurrieron al carnaval infantil que tiene ya una historia de 43 a\u00f1os.<\/p>\n<p>&nbsp;<\/p>\n","protected":false},"excerpt":{"rendered":"<p>Lo inform\u00f3 la CAME, que destac\u00f3 que el impacto econ\u00f3mico directo fue de 106.704 millones de pesos. Viajaron 6,4% m\u00e1s<\/p>\n","protected":false},"author":4,"featured_media":77473,"comment_status":"closed","ping_status":"closed","sticky":false,"template":"","format":"standard","meta":{"_jetpack_memberships_contains_paid_content":false,"footnotes":""},"categories":[6,1],"tags":[],"class_list":["post-77467","post","type-post","status-publish","format-standard","has-post-thumbnail","hentry","category-nacionales","category-portada"],"jetpack_featured_media_url":"https:\/\/i0.wp.com\/cdnoticias.com\/wp-content\/uploads\/2023\/02\/DIB-Carnaval-de-Lincoln-0.jpg?fit=800%2C445&ssl=1","jetpack_sharing_enabled":true,"_links":{"self":[{"href":"https:\/\/cdnoticias.com\/index.php\/wp-json\/wp\/v2\/posts\/77467","targetHints":{"allow":["GET"]}}],"collection":[{"href":"https:\/\/cdnoticias.com\/index.php\/wp-json\/wp\/v2\/posts"}],"about":[{"href":"https:\/\/cdnoticias.com\/index.php\/wp-json\/wp\/v2\/types\/post"}],"author":[{"embeddable":true,"href":"https:\/\/cdnoticias.com\/index.php\/wp-json\/wp\/v2\/users\/4"}],"replies":[{"embeddable":true,"href":"https:\/\/cdnoticias.com\/index.php\/wp-json\/wp\/v2\/comments?post=77467"}],"version-history":[{"count":0,"href":"https:\/\/cdnoticias.com\/index.php\/wp-json\/wp\/v2\/posts\/77467\/revisions"}],"wp:featuredmedia":[{"embeddable":true,"href":"https:\/\/cdnoticias.com\/index.php\/wp-json\/wp\/v2\/media\/77473"}],"wp:attachment":[{"href":"https:\/\/cdnoticias.com\/index.php\/wp-json\/wp\/v2\/media?parent=77467"}],"wp:term":[{"taxonomy":"category","embeddable":true,"href":"https:\/\/cdnoticias.com\/index.php\/wp-json\/wp\/v2\/categories?post=77467"},{"taxonomy":"post_tag","embeddable":true,"href":"https:\/\/cdnoticias.com\/index.php\/wp-json\/wp\/v2\/tags?post=77467"}],"curies":[{"name":"wp","href":"https:\/\/api.w.org\/{rel}","templated":true}]}}