{"id":77437,"date":"2023-02-21T09:37:29","date_gmt":"2023-02-21T12:37:29","guid":{"rendered":"https:\/\/www.centraldenoticias.com.ar\/?p=77437"},"modified":"2023-02-21T11:18:02","modified_gmt":"2023-02-21T14:18:02","slug":"se-viene-el-cierre-de-los-corsos-oficiales-2023","status":"publish","type":"post","link":"https:\/\/cdnoticias.com\/index.php\/2023\/02\/21\/se-viene-el-cierre-de-los-corsos-oficiales-2023\/","title":{"rendered":"Se viene el cierre de los Corsos Oficiales 2023"},"content":{"rendered":"<p>La cita es este martes desde las 20 en el Cors\u00f3dromo. La actividad central ser\u00e1 la quema del Rey Momo.<\/p>\n<p><!--more--><\/p>\n<hr \/>\n<p>Este martes se realizar\u00e1 <strong>el cierre de los Corsos Oficiales 2023 de Olavarr\u00eda<\/strong>. Comenzar\u00e1n a las 20 en el Cors\u00f3dromo.<\/p>\n<p>&nbsp;<\/p>\n<p>La actividad central ser\u00e1 la <strong>quema del Rey Momo<\/strong>, que en esta edici\u00f3n est\u00e1 relacionado con la victoria de la selecci\u00f3n de f\u00fatbol en el Mundial de Qatar.<\/p>\n<p>&nbsp;<\/p>\n<p><a href=\"https:\/\/cdnoticias.com\/index.php\/2023\/02\/15\/confirmaron-la-fecha-de-reprogramacion-del-cierre-de-los-corsos-oficiales-2023\/\" target=\"_blank\" rel=\"noopener\">La decisi\u00f3n de reprogramar la tercera jornada<\/a> la adelant\u00f3 el intendente Ezequiel Galli tras la <strong>suspensi\u00f3n obligada de la semana pasada<\/strong> debido a las condiciones clim\u00e1ticas.<\/p>\n<p>&nbsp;<\/p>\n<p>En ese sentido, el jefe comunal se\u00f1al\u00f3 que<strong> habr\u00e1 \u201cmuchas sorpresas\u201d este martes en las pasadas y las propuestas art\u00edsticas<\/strong> programadas para el cierre de un evento que es de los m\u00e1s convocantes en Olavarr\u00eda.<\/p>\n<p>&nbsp;<\/p>\n","protected":false},"excerpt":{"rendered":"<p>La cita es este martes desde las 20 en el Cors\u00f3dromo. La actividad central ser\u00e1 la quema del Rey Momo.<\/p>\n","protected":false},"author":4,"featured_media":76693,"comment_status":"closed","ping_status":"closed","sticky":false,"template":"","format":"standard","meta":{"_jetpack_memberships_contains_paid_content":false,"footnotes":""},"categories":[9,1],"tags":[],"class_list":["post-77437","post","type-post","status-publish","format-standard","has-post-thumbnail","hentry","category-cultura","category-portada"],"jetpack_featured_media_url":"https:\/\/i0.wp.com\/cdnoticias.com\/wp-content\/uploads\/2023\/02\/corsos-galeria-06.jpg?fit=800%2C445&ssl=1","jetpack_sharing_enabled":true,"_links":{"self":[{"href":"https:\/\/cdnoticias.com\/index.php\/wp-json\/wp\/v2\/posts\/77437","targetHints":{"allow":["GET"]}}],"collection":[{"href":"https:\/\/cdnoticias.com\/index.php\/wp-json\/wp\/v2\/posts"}],"about":[{"href":"https:\/\/cdnoticias.com\/index.php\/wp-json\/wp\/v2\/types\/post"}],"author":[{"embeddable":true,"href":"https:\/\/cdnoticias.com\/index.php\/wp-json\/wp\/v2\/users\/4"}],"replies":[{"embeddable":true,"href":"https:\/\/cdnoticias.com\/index.php\/wp-json\/wp\/v2\/comments?post=77437"}],"version-history":[{"count":0,"href":"https:\/\/cdnoticias.com\/index.php\/wp-json\/wp\/v2\/posts\/77437\/revisions"}],"wp:featuredmedia":[{"embeddable":true,"href":"https:\/\/cdnoticias.com\/index.php\/wp-json\/wp\/v2\/media\/76693"}],"wp:attachment":[{"href":"https:\/\/cdnoticias.com\/index.php\/wp-json\/wp\/v2\/media?parent=77437"}],"wp:term":[{"taxonomy":"category","embeddable":true,"href":"https:\/\/cdnoticias.com\/index.php\/wp-json\/wp\/v2\/categories?post=77437"},{"taxonomy":"post_tag","embeddable":true,"href":"https:\/\/cdnoticias.com\/index.php\/wp-json\/wp\/v2\/tags?post=77437"}],"curies":[{"name":"wp","href":"https:\/\/api.w.org\/{rel}","templated":true}]}}