{"id":77428,"date":"2023-02-20T20:00:53","date_gmt":"2023-02-20T23:00:53","guid":{"rendered":"https:\/\/www.centraldenoticias.com.ar\/?p=77428"},"modified":"2023-02-20T20:00:53","modified_gmt":"2023-02-20T23:00:53","slug":"comienza-econar-expo-de-innovacion-tecnologica-y-talento-joven","status":"publish","type":"post","link":"https:\/\/cdnoticias.com\/index.php\/2023\/02\/20\/comienza-econar-expo-de-innovacion-tecnologica-y-talento-joven\/","title":{"rendered":"Comienza EconAr, expo de innovaci\u00f3n tecnol\u00f3gica y talento joven"},"content":{"rendered":"<p>Se realizar\u00e1 en La Rural entre 17 y el 19 de marzo con entrada libre y gratuita. Habr\u00e1 talleres, workshops y scouting, entre m\u00faltiples actividades, para difundir el potencial de un sector estrat\u00e9gico en el desarrollo de la Argentina. <!--more--><\/p>\n<hr \/>\n<p>Con el objetivo de dar a conocer todo el potencial de los distintos servicios basados en el conocimiento, <strong>el Ministerio de Econom\u00eda de la Naci\u00f3n que encabeza Sergio Massa organiza \u201cEconAr, de Argentina al Mundo\u201d, la primera feria de la Econom\u00eda del Conocimiento en la que se proyecta el talento, el desarrollo federal y la innovaci\u00f3n tecnol\u00f3gica de un sector din\u00e1mico que brinda nuevas oportunidades laborales.<\/strong><\/p>\n<p>&nbsp;<\/p>\n<p>La feria se llevar\u00e1 a cabo los d\u00edas<strong> 17, 18 y 19 de marzo en La Rural (Av. Sarmiento 2704, CABA) de 10 a 20hs. con entrada libre y gratuita<\/strong> y que contar\u00e1 con la presencia de las principales empresas, emprendedores y startups de software, bio y nanotecnolog\u00eda, aeroespacial y satelital, videojuegos y audiovisual, entre otras \u00e1reas que completan la propuesta.<\/p>\n<p>&nbsp;<\/p>\n<p><img data-recalc-dims=\"1\" loading=\"lazy\" decoding=\"async\" class=\"alignnone size-large wp-image-77430\" src=\"https:\/\/i0.wp.com\/cdnoticias.com\/wp-content\/uploads\/2023\/02\/WhatsApp-Image-2023-02-20-at-11.53.22.jpeg?resize=800%2C534&#038;ssl=1\" alt=\"\" width=\"800\" height=\"534\" srcset=\"https:\/\/i0.wp.com\/cdnoticias.com\/wp-content\/uploads\/2023\/02\/WhatsApp-Image-2023-02-20-at-11.53.22.jpeg?resize=1024%2C683&amp;ssl=1 1024w, https:\/\/i0.wp.com\/cdnoticias.com\/wp-content\/uploads\/2023\/02\/WhatsApp-Image-2023-02-20-at-11.53.22.jpeg?resize=300%2C200&amp;ssl=1 300w, https:\/\/i0.wp.com\/cdnoticias.com\/wp-content\/uploads\/2023\/02\/WhatsApp-Image-2023-02-20-at-11.53.22.jpeg?resize=768%2C512&amp;ssl=1 768w, https:\/\/i0.wp.com\/cdnoticias.com\/wp-content\/uploads\/2023\/02\/WhatsApp-Image-2023-02-20-at-11.53.22.jpeg?resize=272%2C182&amp;ssl=1 272w, https:\/\/i0.wp.com\/cdnoticias.com\/wp-content\/uploads\/2023\/02\/WhatsApp-Image-2023-02-20-at-11.53.22.jpeg?w=1080&amp;ssl=1 1080w\" sizes=\"auto, (max-width: 800px) 100vw, 800px\" \/><\/p>\n<p>&nbsp;<\/p>\n<p><em>\u201cEs la primera vez que se va a realizar una feria de estas caracter\u00edsticas en el pa\u00eds y nuestro objetivo es difundir todo el potencial y las virtudes de un sector clave para el desarrollo estrat\u00e9gico de la Argentina. Los cambios en la matriz productiva, la innovaci\u00f3n tecnol\u00f3gica y las nuevas oportunidades de empleo, ser\u00e1n los ejes centrales de este gran evento que nuclear\u00e1 el trabajo y el talento de toda nuestra gente\u201d, expres\u00f3 el secretario de Econom\u00eda del Conocimiento, Ariel Sujarchuk.<\/em><\/p>\n<p>&nbsp;<\/p>\n<blockquote><p>Los ejes tem\u00e1ticos de esta primera edici\u00f3n girar\u00e1n en torno a la tecnolog\u00eda, calidad e innovaci\u00f3n; perspectiva de g\u00e9nero, diversidad e inclusi\u00f3n; empleo y educaci\u00f3n; y sustentabilidad social y medioambiental.<\/p><\/blockquote>\n<p>&nbsp;<\/p>\n<p>La feria propone diversas actividades entre las cuales se encuentran <strong>workshops, mesas de debate y charlas con especialistas para dialogar sobre el futuro y las tendencias de cada sector, plazas interactivas de descanso, exposiciones de productos y servicios innovadores, presentaci\u00f3n de la Marca Pa\u00eds y entrega de Certificados de Empresa Argentina de Econom\u00eda del Conocimiento, juegos y experiencias inmersivas e inclusivas, scouting y conversaciones sobre oportunidades y el futuro laboral, proyecciones audiovisuales in\u00e9ditas, campeonatos de videojuegos y deportes electr\u00f3nicos en la arena de e-sports<\/strong>, entre muchas m\u00e1s.<\/p>\n<p>&nbsp;<\/p>\n<p><strong>EconAr es una oportunidad para visibilizar el potencial de la Econom\u00eda del Conocimiento, el talento argentino y el desarrollo productivo local<\/strong> difundiendo las innovaciones tecnol\u00f3gicas que se producen a nivel federal. A trav\u00e9s del alto desarrollo profesional y un Estado presente que apoya las iniciativas gratuitas de formaci\u00f3n y capacitaci\u00f3n para lograr un futuro laboral de calidad, la feria funcionar\u00e1 como veh\u00edculo para avanzar en la profundizaci\u00f3n de pol\u00edticas p\u00fablicas integrales en innovaci\u00f3n, ciencia y tecnolog\u00eda para construir un futuro mejor para las argentinas y los argentinos.<\/p>\n","protected":false},"excerpt":{"rendered":"<p>Se realizar\u00e1 en La Rural entre 17 y el 19 de marzo con entrada libre y gratuita. Habr\u00e1 talleres, workshops<\/p>\n","protected":false},"author":2,"featured_media":77429,"comment_status":"closed","ping_status":"closed","sticky":false,"template":"","format":"standard","meta":{"_jetpack_memberships_contains_paid_content":false,"footnotes":""},"categories":[6,1],"tags":[],"class_list":["post-77428","post","type-post","status-publish","format-standard","has-post-thumbnail","hentry","category-nacionales","category-portada"],"jetpack_featured_media_url":"https:\/\/i0.wp.com\/cdnoticias.com\/wp-content\/uploads\/2023\/02\/WhatsApp-Image-2023-02-20-at-11.53.24.jpeg?fit=1280%2C853&ssl=1","jetpack_sharing_enabled":true,"_links":{"self":[{"href":"https:\/\/cdnoticias.com\/index.php\/wp-json\/wp\/v2\/posts\/77428","targetHints":{"allow":["GET"]}}],"collection":[{"href":"https:\/\/cdnoticias.com\/index.php\/wp-json\/wp\/v2\/posts"}],"about":[{"href":"https:\/\/cdnoticias.com\/index.php\/wp-json\/wp\/v2\/types\/post"}],"author":[{"embeddable":true,"href":"https:\/\/cdnoticias.com\/index.php\/wp-json\/wp\/v2\/users\/2"}],"replies":[{"embeddable":true,"href":"https:\/\/cdnoticias.com\/index.php\/wp-json\/wp\/v2\/comments?post=77428"}],"version-history":[{"count":0,"href":"https:\/\/cdnoticias.com\/index.php\/wp-json\/wp\/v2\/posts\/77428\/revisions"}],"wp:featuredmedia":[{"embeddable":true,"href":"https:\/\/cdnoticias.com\/index.php\/wp-json\/wp\/v2\/media\/77429"}],"wp:attachment":[{"href":"https:\/\/cdnoticias.com\/index.php\/wp-json\/wp\/v2\/media?parent=77428"}],"wp:term":[{"taxonomy":"category","embeddable":true,"href":"https:\/\/cdnoticias.com\/index.php\/wp-json\/wp\/v2\/categories?post=77428"},{"taxonomy":"post_tag","embeddable":true,"href":"https:\/\/cdnoticias.com\/index.php\/wp-json\/wp\/v2\/tags?post=77428"}],"curies":[{"name":"wp","href":"https:\/\/api.w.org\/{rel}","templated":true}]}}