{"id":77408,"date":"2023-02-20T08:23:25","date_gmt":"2023-02-20T11:23:25","guid":{"rendered":"https:\/\/www.centraldenoticias.com.ar\/?p=77408"},"modified":"2023-02-22T19:00:42","modified_gmt":"2023-02-22T22:00:42","slug":"somos-semilla-nuevo-carnaval-de-arrebatando-lagrimas","status":"publish","type":"post","link":"https:\/\/cdnoticias.com\/index.php\/2023\/02\/20\/somos-semilla-nuevo-carnaval-de-arrebatando-lagrimas\/","title":{"rendered":"\u201cSomos Semilla\u201d: nuevo carnaval de Arrebatando L\u00e1grimas"},"content":{"rendered":"<p>Ser\u00e1 el pr\u00f3ximo s\u00e1bado 25 de febrero desde las 20:30 en el barrio Hip\u00f3lito Yrigoyen.<!--more--><\/p>\n<hr \/>\n<p>La murga Arrebatando L\u00e1grimas se prepara para celebrar en el barrio Hip\u00f3lito Yrigoyen con el espect\u00e1culo<strong> \u201cSomos Semilla\u201d<\/strong> en el marco de los <strong>24 a\u00f1os de construcci\u00f3n colectiva y lucha por el carnaval olavarriense.<\/strong><\/p>\n<p>&nbsp;<\/p>\n<p>El carnaval ser\u00e1 el pr\u00f3ximo <strong>s\u00e1bado 25 de febrero de 2023<\/strong> cuando la agrupaci\u00f3n festejar\u00e1 14 a\u00f1os de presentaciones constantes. La cita es en <strong>Rufino Fal y Chiclana a las 20:30<\/strong> y se recomienda llevar sillas o reposeras. El evento contar\u00e1 con cantina y habr\u00e1 sorteos. Tambi\u00e9n se realizar\u00e1 la quema del Momo y habr\u00e1 un cierre con m\u00fasica popular.<\/p>\n<p>&nbsp;<\/p>\n<blockquote><p>Para este carnaval 2023 la murga plantea una idea de relato est\u00e9tico que se titula que rescata la celebraci\u00f3n participativa encarnada en los personajes de \u201cla Madre Tierra\u201d, \u201cLa humanidad contradictoria\u201d, \u201cel poder\u201d y \u201clos sapos\u201d.<\/p><\/blockquote>\n<p>&nbsp;<\/p>\n<p>Este a\u00f1o la murga construye su relato art\u00edstico resaltando la necesidad de <strong>cuidar y accionar sobre el cuidado de la tierra y en especial el agua,<\/strong> por esto toda la agrupaci\u00f3n porta sapos en galeras y fantas\u00edas. El sapo para las comunidades originarias de Am\u00e9rica Latina es un animal sagrado, s\u00edmbolo del Esp\u00edritu de la Pachamama y del agua.<\/p>\n<p>&nbsp;<\/p>\n<p>Desde hace a\u00f1os la murga fomenta el crecimiento de su lenguaje en la comunidad, realizando talleres en los que transmite los conocimientos adquiridos, en diversas instituciones y localidades dentro de la provincia y el barrio. <strong>Colabora con el compromiso social y enarbola el sentido del trabajo con la \u201cmemoria\u201d.<\/strong><\/p>\n<p>&nbsp;<\/p>\n<p>Se presentar\u00e1n D\u00fao Pipilueta, Luz Villarruel, Alejo Hoffman y Brenda Villarruel, Insaciables Batucada y Luciano Bascones. La locuci\u00f3n ser\u00e1 de Georgina Muller y el cierre con baile estar\u00e1 a cargo de Los Kumbieros.<\/p>\n","protected":false},"excerpt":{"rendered":"<p>Ser\u00e1 el pr\u00f3ximo s\u00e1bado 25 de febrero desde las 20:30 en el barrio Hip\u00f3lito Yrigoyen.<\/p>\n","protected":false},"author":5,"featured_media":71706,"comment_status":"closed","ping_status":"closed","sticky":false,"template":"","format":"standard","meta":{"_jetpack_memberships_contains_paid_content":false,"footnotes":""},"categories":[9,1],"tags":[],"class_list":["post-77408","post","type-post","status-publish","format-standard","has-post-thumbnail","hentry","category-cultura","category-portada"],"jetpack_featured_media_url":"https:\/\/i0.wp.com\/cdnoticias.com\/wp-content\/uploads\/2022\/12\/murga-arrebatando-lagrimas.jpg?fit=1080%2C719&ssl=1","jetpack_sharing_enabled":true,"_links":{"self":[{"href":"https:\/\/cdnoticias.com\/index.php\/wp-json\/wp\/v2\/posts\/77408","targetHints":{"allow":["GET"]}}],"collection":[{"href":"https:\/\/cdnoticias.com\/index.php\/wp-json\/wp\/v2\/posts"}],"about":[{"href":"https:\/\/cdnoticias.com\/index.php\/wp-json\/wp\/v2\/types\/post"}],"author":[{"embeddable":true,"href":"https:\/\/cdnoticias.com\/index.php\/wp-json\/wp\/v2\/users\/5"}],"replies":[{"embeddable":true,"href":"https:\/\/cdnoticias.com\/index.php\/wp-json\/wp\/v2\/comments?post=77408"}],"version-history":[{"count":0,"href":"https:\/\/cdnoticias.com\/index.php\/wp-json\/wp\/v2\/posts\/77408\/revisions"}],"wp:featuredmedia":[{"embeddable":true,"href":"https:\/\/cdnoticias.com\/index.php\/wp-json\/wp\/v2\/media\/71706"}],"wp:attachment":[{"href":"https:\/\/cdnoticias.com\/index.php\/wp-json\/wp\/v2\/media?parent=77408"}],"wp:term":[{"taxonomy":"category","embeddable":true,"href":"https:\/\/cdnoticias.com\/index.php\/wp-json\/wp\/v2\/categories?post=77408"},{"taxonomy":"post_tag","embeddable":true,"href":"https:\/\/cdnoticias.com\/index.php\/wp-json\/wp\/v2\/tags?post=77408"}],"curies":[{"name":"wp","href":"https:\/\/api.w.org\/{rel}","templated":true}]}}