{"id":77406,"date":"2023-02-20T10:17:23","date_gmt":"2023-02-20T13:17:23","guid":{"rendered":"https:\/\/www.centraldenoticias.com.ar\/?p=77406"},"modified":"2023-02-20T10:17:23","modified_gmt":"2023-02-20T13:17:23","slug":"sebastian-matrella-el-aumento-sigue-siendo-insuficiente","status":"publish","type":"post","link":"https:\/\/cdnoticias.com\/index.php\/2023\/02\/20\/sebastian-matrella-el-aumento-sigue-siendo-insuficiente\/","title":{"rendered":"Sebasti\u00e1n Matrella: &#8220;El aumento sigue siendo insuficiente&#8221;"},"content":{"rendered":"<p>As\u00ed lo afirm\u00f3 el concejal de la UCR sobre la suba del 45% en los montos del presupuesto del Servicio Alimentario Escolar.<!--more--><\/p>\n<hr \/>\n<p>En los \u00faltimos d\u00edas, se conoci\u00f3 la noticia de que la Direcci\u00f3n General de Cultura y Educaci\u00f3n de la Provincia de Buenos Aires <strong>aument\u00f3 un 45% el presupuesto del<\/strong> <strong>Servicio Alimentario Escolar (SAE).<\/strong><\/p>\n<p>&nbsp;<\/p>\n<p>En este sentido, el <strong>concejal de la Uni\u00f3n C\u00edvica Radical, Sebasti\u00e1n Matrella<\/strong>, se pronunci\u00f3 al respecto sobre esta suba luego de que desde el bloque se presentara un proyecto para solicitar su incremento.<\/p>\n<p>&nbsp;<\/p>\n<blockquote><p>&#8220;El aumento sigue siendo insuficiente por la alta inflaci\u00f3n del \u00faltimo a\u00f1o&#8221;, afirm\u00f3. Adem\u00e1s, explic\u00f3 que &#8220;la merienda pas\u00f3 de $58,13 a $84,50 y el almuerzo de $141,50 a $205,50&#8221;.<\/p><\/blockquote>\n<p>&nbsp;<\/p>\n<p>En esta misma l\u00ednea, manifest\u00f3: &#8220;Esto repercute directamente en la calidad de alimentos que podemos darle a los ni\u00f1os, ni\u00f1as y adolescentes&#8221;. Y a\u00f1adi\u00f3 que <strong>&#8220;se nota que a\u00f1o tras a\u00f1o, m\u00e1s chicos y chicas necesitan de esta ayuda por la gran crisis econ\u00f3mica&#8221;.<\/strong><\/p>\n<p>&nbsp;<\/p>\n<p>Por \u00faltimo, se\u00f1al\u00f3 que &#8220;las subas en el presupuesto del SAE deben actualizarse constantemente, seg\u00fan los datos que brinda mensualmente el INDEC&#8221;.<\/p>\n","protected":false},"excerpt":{"rendered":"<p>As\u00ed lo afirm\u00f3 el concejal de la UCR sobre la suba del 45% en los montos del presupuesto del Servicio<\/p>\n","protected":false},"author":5,"featured_media":73453,"comment_status":"closed","ping_status":"closed","sticky":false,"template":"","format":"standard","meta":{"_jetpack_memberships_contains_paid_content":false,"footnotes":""},"categories":[4,1],"tags":[],"class_list":["post-77406","post","type-post","status-publish","format-standard","has-post-thumbnail","hentry","category-politica","category-portada"],"jetpack_featured_media_url":"https:\/\/i0.wp.com\/cdnoticias.com\/wp-content\/uploads\/2022\/12\/hcd-matrella.jpg?fit=800%2C445&ssl=1","jetpack_sharing_enabled":true,"_links":{"self":[{"href":"https:\/\/cdnoticias.com\/index.php\/wp-json\/wp\/v2\/posts\/77406","targetHints":{"allow":["GET"]}}],"collection":[{"href":"https:\/\/cdnoticias.com\/index.php\/wp-json\/wp\/v2\/posts"}],"about":[{"href":"https:\/\/cdnoticias.com\/index.php\/wp-json\/wp\/v2\/types\/post"}],"author":[{"embeddable":true,"href":"https:\/\/cdnoticias.com\/index.php\/wp-json\/wp\/v2\/users\/5"}],"replies":[{"embeddable":true,"href":"https:\/\/cdnoticias.com\/index.php\/wp-json\/wp\/v2\/comments?post=77406"}],"version-history":[{"count":0,"href":"https:\/\/cdnoticias.com\/index.php\/wp-json\/wp\/v2\/posts\/77406\/revisions"}],"wp:featuredmedia":[{"embeddable":true,"href":"https:\/\/cdnoticias.com\/index.php\/wp-json\/wp\/v2\/media\/73453"}],"wp:attachment":[{"href":"https:\/\/cdnoticias.com\/index.php\/wp-json\/wp\/v2\/media?parent=77406"}],"wp:term":[{"taxonomy":"category","embeddable":true,"href":"https:\/\/cdnoticias.com\/index.php\/wp-json\/wp\/v2\/categories?post=77406"},{"taxonomy":"post_tag","embeddable":true,"href":"https:\/\/cdnoticias.com\/index.php\/wp-json\/wp\/v2\/tags?post=77406"}],"curies":[{"name":"wp","href":"https:\/\/api.w.org\/{rel}","templated":true}]}}