{"id":77373,"date":"2023-02-18T19:58:40","date_gmt":"2023-02-18T22:58:40","guid":{"rendered":"https:\/\/www.centraldenoticias.com.ar\/?p=77373"},"modified":"2023-02-18T19:58:40","modified_gmt":"2023-02-18T22:58:40","slug":"aprehendieron-a-un-hombre-que-quebranto-medidas-cautelares","status":"publish","type":"post","link":"https:\/\/cdnoticias.com\/index.php\/2023\/02\/18\/aprehendieron-a-un-hombre-que-quebranto-medidas-cautelares\/","title":{"rendered":"Aprehendieron a un hombre que quebrant\u00f3 medidas cautelares"},"content":{"rendered":"<p>Fue este s\u00e1bado, en la zona de Sarmiento y Laprida. Fue imputado por Desobediencia.<!--more--><\/p>\n<hr \/>\n<p>Personal de Comando de Patrullas inform\u00f3 en la jornada de este s\u00e1bado<strong> la aprehensi\u00f3n de un hombre de 36 a\u00f1os que fue encontrado quebrantando diversas medidas cautelares a una mujer.<\/strong><\/p>\n<p>&nbsp;<\/p>\n<p>Seg\u00fan se explic\u00f3, el hombre fue encontrado en la zona de Sarmiento y Laprida, merodeando <strong>\u201cen cercan\u00edas de la ciudadana con quien posee prohibici\u00f3n de acercamiento\u201d y efectivamente, ten\u00eda tambi\u00e9n per\u00edmetro de exclusi\u00f3n, entre otras, interpuestas por el Juzgado de Familia N\u00b01 de Olavarr\u00eda.<\/strong><\/p>\n<p>&nbsp;<\/p>\n<p><strong>El hombre fue trasladado y alojado en la sede de la Comisar\u00eda Segunda<\/strong>, donde qued\u00f3 a disposici\u00f3n de la doctora Viviana Beyt\u00eda, titular de la UFI N\u00b05 especializada en violencia familiar y de g\u00e9nero.<\/p>\n<p>&nbsp;<\/p>\n<p><strong>La causa fue caratulada, en tanto, como \u201cDesobediencia\u201d.<\/strong><\/p>\n","protected":false},"excerpt":{"rendered":"<p>Fue este s\u00e1bado, en la zona de Sarmiento y Laprida. Fue imputado por Desobediencia.<\/p>\n","protected":false},"author":2,"featured_media":77374,"comment_status":"closed","ping_status":"closed","sticky":false,"template":"","format":"standard","meta":{"_jetpack_memberships_contains_paid_content":false,"footnotes":""},"categories":[14,1],"tags":[],"class_list":["post-77373","post","type-post","status-publish","format-standard","has-post-thumbnail","hentry","category-policiales","category-portada"],"jetpack_featured_media_url":"https:\/\/i0.wp.com\/cdnoticias.com\/wp-content\/uploads\/2023\/02\/WhatsApp-Image-2023-02-18-at-19.45.04.jpeg?fit=1600%2C1204&ssl=1","jetpack_sharing_enabled":true,"_links":{"self":[{"href":"https:\/\/cdnoticias.com\/index.php\/wp-json\/wp\/v2\/posts\/77373","targetHints":{"allow":["GET"]}}],"collection":[{"href":"https:\/\/cdnoticias.com\/index.php\/wp-json\/wp\/v2\/posts"}],"about":[{"href":"https:\/\/cdnoticias.com\/index.php\/wp-json\/wp\/v2\/types\/post"}],"author":[{"embeddable":true,"href":"https:\/\/cdnoticias.com\/index.php\/wp-json\/wp\/v2\/users\/2"}],"replies":[{"embeddable":true,"href":"https:\/\/cdnoticias.com\/index.php\/wp-json\/wp\/v2\/comments?post=77373"}],"version-history":[{"count":0,"href":"https:\/\/cdnoticias.com\/index.php\/wp-json\/wp\/v2\/posts\/77373\/revisions"}],"wp:featuredmedia":[{"embeddable":true,"href":"https:\/\/cdnoticias.com\/index.php\/wp-json\/wp\/v2\/media\/77374"}],"wp:attachment":[{"href":"https:\/\/cdnoticias.com\/index.php\/wp-json\/wp\/v2\/media?parent=77373"}],"wp:term":[{"taxonomy":"category","embeddable":true,"href":"https:\/\/cdnoticias.com\/index.php\/wp-json\/wp\/v2\/categories?post=77373"},{"taxonomy":"post_tag","embeddable":true,"href":"https:\/\/cdnoticias.com\/index.php\/wp-json\/wp\/v2\/tags?post=77373"}],"curies":[{"name":"wp","href":"https:\/\/api.w.org\/{rel}","templated":true}]}}